{"id":13012,"date":"2025-02-28T11:09:37","date_gmt":"2025-02-28T14:09:37","guid":{"rendered":"https:\/\/prefeitura.santarosa.rs.gov.br\/?p=13012"},"modified":"2025-02-28T11:09:38","modified_gmt":"2025-02-28T14:09:38","slug":"revitalizacao-da-praca-de-cruzeiro-esta-quase-concluida","status":"publish","type":"post","link":"https:\/\/prefeitura.santarosa.rs.gov.br\/?p=13012","title":{"rendered":"Revitaliza\u00e7\u00e3o da Pra\u00e7a de Cruzeiro est\u00e1 quase conclu\u00edda"},"content":{"rendered":"\n<figure class=\"wp-block-image size-full\"><img fetchpriority=\"high\" decoding=\"async\" width=\"860\" height=\"645\" src=\"https:\/\/prefeitura.santarosa.rs.gov.br\/wp-content\/uploads\/2025\/02\/Formato-Site-e-Portal-860X645-JPG-2025-02-28T110805.270.jpg\" alt=\"\" class=\"wp-image-13013\" srcset=\"https:\/\/prefeitura.santarosa.rs.gov.br\/wp-content\/uploads\/2025\/02\/Formato-Site-e-Portal-860X645-JPG-2025-02-28T110805.270.jpg 860w, https:\/\/prefeitura.santarosa.rs.gov.br\/wp-content\/uploads\/2025\/02\/Formato-Site-e-Portal-860X645-JPG-2025-02-28T110805.270-300x225.jpg 300w, https:\/\/prefeitura.santarosa.rs.gov.br\/wp-content\/uploads\/2025\/02\/Formato-Site-e-Portal-860X645-JPG-2025-02-28T110805.270-768x576.jpg 768w\" sizes=\"(max-width: 860px) 100vw, 860px\" \/><\/figure>\n\n\n\n<p>O Governo Municipal segue com os investimentos para a melhoria dos espa\u00e7os p\u00fablicos de Santa Rosa. Um dos projetos em andamento \u00e9 a revitaliza\u00e7\u00e3o da Pra\u00e7a de Cruzeiro, que est\u00e1 75% executada. Com mais de R$ 1,4 milh\u00e3o de recursos pr\u00f3prios do munic\u00edpio, a obra contempla a reforma dos passeios, novos sanit\u00e1rios, instala\u00e7\u00f5es el\u00e9tricas, ilumina\u00e7\u00e3o em LED, plantio de leiva, execu\u00e7\u00e3o de pisos e a constru\u00e7\u00e3o de um parquinho.<\/p>\n\n\n\n<p>Atualmente, as equipes est\u00e3o focadas na fase de pintura dos sanit\u00e1rios, na instala\u00e7\u00e3o dos pisos e bancos, na limpeza e no plantio de leiva. O prefeito Anderson Mantei destacou a import\u00e2ncia da revitaliza\u00e7\u00e3o para a comunidade, \u201cEsta obra vai oportunizar que a popula\u00e7\u00e3o do Bairro Cruzeiro possa usufruir deste local com mais infraestrutura e seguran\u00e7a. Al\u00e9m dessa, outras pra\u00e7as e parques do munic\u00edpio est\u00e3o sendo revitalizados com o objetivo de garantir espa\u00e7os de qualidade para o lazer e conviv\u00eancia de todos\u201d.<\/p>\n\n\n\n<p>O projeto foi doado pela Associa\u00e7\u00e3o Profissional de Engenheiros e Arquitetos (APEA), por meio das arquitetas Luciana Locatelli e Vanessa Eidt. A Pra\u00e7a de Cruzeiro est\u00e1 localizada na Avenida Flores da Cunha. O prazo para entrega da obra est\u00e1 previsto para abril de 2025.<\/p>\n\n\n\n<p><\/p>\n","protected":false},"excerpt":{"rendered":"<p>O Governo Municipal segue com os investimentos para a melhoria dos espa\u00e7os p\u00fablicos de Santa Rosa. Um dos projetos em<\/p>\n","protected":false},"author":6,"featured_media":13014,"comment_status":"closed","ping_status":"closed","sticky":false,"template":"","format":"standard","meta":{"footnotes":""},"categories":[4,22],"tags":[],"class_list":["post-13012","post","type-post","status-publish","format-standard","has-post-thumbnail","hentry","category-noticias","category-secretaria-municipal-de-planejamento-e-habitacao"],"aioseo_notices":[],"_links":{"self":[{"href":"https:\/\/prefeitura.santarosa.rs.gov.br\/index.php?rest_route=\/wp\/v2\/posts\/13012","targetHints":{"allow":["GET"]}}],"collection":[{"href":"https:\/\/prefeitura.santarosa.rs.gov.br\/index.php?rest_route=\/wp\/v2\/posts"}],"about":[{"href":"https:\/\/prefeitura.santarosa.rs.gov.br\/index.php?rest_route=\/wp\/v2\/types\/post"}],"author":[{"embeddable":true,"href":"https:\/\/prefeitura.santarosa.rs.gov.br\/index.php?rest_route=\/wp\/v2\/users\/6"}],"replies":[{"embeddable":true,"href":"https:\/\/prefeitura.santarosa.rs.gov.br\/index.php?rest_route=%2Fwp%2Fv2%2Fcomments&post=13012"}],"version-history":[{"count":1,"href":"https:\/\/prefeitura.santarosa.rs.gov.br\/index.php?rest_route=\/wp\/v2\/posts\/13012\/revisions"}],"predecessor-version":[{"id":13015,"href":"https:\/\/prefeitura.santarosa.rs.gov.br\/index.php?rest_route=\/wp\/v2\/posts\/13012\/revisions\/13015"}],"wp:featuredmedia":[{"embeddable":true,"href":"https:\/\/prefeitura.santarosa.rs.gov.br\/index.php?rest_route=\/wp\/v2\/media\/13014"}],"wp:attachment":[{"href":"https:\/\/prefeitura.santarosa.rs.gov.br\/index.php?rest_route=%2Fwp%2Fv2%2Fmedia&parent=13012"}],"wp:term":[{"taxonomy":"category","embeddable":true,"href":"https:\/\/prefeitura.santarosa.rs.gov.br\/index.php?rest_route=%2Fwp%2Fv2%2Fcategories&post=13012"},{"taxonomy":"post_tag","embeddable":true,"href":"https:\/\/prefeitura.santarosa.rs.gov.br\/index.php?rest_route=%2Fwp%2Fv2%2Ftags&post=13012"}],"curies":[{"name":"wp","href":"https:\/\/api.w.org\/{rel}","templated":true}]}}