{"id":1301,"date":"2021-07-01T09:57:00","date_gmt":"2021-07-01T12:57:00","guid":{"rendered":"https:\/\/prefeitura.santarosa.rs.gov.br\/?p=1301"},"modified":"2024-10-07T09:55:01","modified_gmt":"2024-10-07T12:55:01","slug":"anderson-esteve-no-ministerio-da-cidadania","status":"publish","type":"post","link":"https:\/\/prefeitura.santarosa.rs.gov.br\/?p=1301","title":{"rendered":"Anderson esteve no Minist\u00e9rio da Cidadania"},"content":{"rendered":"\n<p>Anderson encaminhou o protocolo do projeto para a nova sede da AFAPENE<\/p>\n\n\n\n<p>Nesta quarta-feira(30), em Bras\u00edlia, o Prefeito tamb\u00e9m esteve com o Ministro da Cidadania Jo\u00e3o Roma. Em audi\u00eancia agendada atrav\u00e9s de articula\u00e7\u00e3o do Deputado Federal Osmar Terra, Anderson encaminhou o protocolo do projeto para a nova sede da AFAPENE. Na oportunidade, tamb\u00e9m foi tratado sobre o Programa de Aquisi\u00e7\u00e3o de Alimentos, que recentemente passou a se chamar Alimenta Brasil, \u201cTivemos a garantia da continuidade desse importante programa pelo Ministro\u201d. Prefeito j\u00e1 esteve no Minist\u00e9rio da Mulher, da Fam\u00edlia e dos Direitos Humanos, e tamb\u00e9m, com o Ministro da Educa\u00e7\u00e3o. As agendas seguem, em Bras\u00edlia, agora para tratar de pautas da sa\u00fade e da seguran\u00e7a.<\/p>\n","protected":false},"excerpt":{"rendered":"<p>Anderson encaminhou o protocolo do projeto para a nova sede da AFAPENE Nesta quarta-feira(30), em Bras\u00edlia, o Prefeito tamb\u00e9m esteve<\/p>\n","protected":false},"author":3,"featured_media":1302,"comment_status":"open","ping_status":"open","sticky":false,"template":"","format":"standard","meta":{"footnotes":""},"categories":[4,3],"tags":[],"class_list":["post-1301","post","type-post","status-publish","format-standard","has-post-thumbnail","hentry","category-noticias","category-gabinete-do-prefeito"],"aioseo_notices":[],"_links":{"self":[{"href":"https:\/\/prefeitura.santarosa.rs.gov.br\/index.php?rest_route=\/wp\/v2\/posts\/1301","targetHints":{"allow":["GET"]}}],"collection":[{"href":"https:\/\/prefeitura.santarosa.rs.gov.br\/index.php?rest_route=\/wp\/v2\/posts"}],"about":[{"href":"https:\/\/prefeitura.santarosa.rs.gov.br\/index.php?rest_route=\/wp\/v2\/types\/post"}],"author":[{"embeddable":true,"href":"https:\/\/prefeitura.santarosa.rs.gov.br\/index.php?rest_route=\/wp\/v2\/users\/3"}],"replies":[{"embeddable":true,"href":"https:\/\/prefeitura.santarosa.rs.gov.br\/index.php?rest_route=%2Fwp%2Fv2%2Fcomments&post=1301"}],"version-history":[{"count":1,"href":"https:\/\/prefeitura.santarosa.rs.gov.br\/index.php?rest_route=\/wp\/v2\/posts\/1301\/revisions"}],"predecessor-version":[{"id":1303,"href":"https:\/\/prefeitura.santarosa.rs.gov.br\/index.php?rest_route=\/wp\/v2\/posts\/1301\/revisions\/1303"}],"wp:featuredmedia":[{"embeddable":true,"href":"https:\/\/prefeitura.santarosa.rs.gov.br\/index.php?rest_route=\/wp\/v2\/media\/1302"}],"wp:attachment":[{"href":"https:\/\/prefeitura.santarosa.rs.gov.br\/index.php?rest_route=%2Fwp%2Fv2%2Fmedia&parent=1301"}],"wp:term":[{"taxonomy":"category","embeddable":true,"href":"https:\/\/prefeitura.santarosa.rs.gov.br\/index.php?rest_route=%2Fwp%2Fv2%2Fcategories&post=1301"},{"taxonomy":"post_tag","embeddable":true,"href":"https:\/\/prefeitura.santarosa.rs.gov.br\/index.php?rest_route=%2Fwp%2Fv2%2Ftags&post=1301"}],"curies":[{"name":"wp","href":"https:\/\/api.w.org\/{rel}","templated":true}]}}