{"id":13008,"date":"2025-02-27T11:13:13","date_gmt":"2025-02-27T14:13:13","guid":{"rendered":"https:\/\/prefeitura.santarosa.rs.gov.br\/?p=13008"},"modified":"2025-02-28T11:26:50","modified_gmt":"2025-02-28T14:26:50","slug":"avanca-obra-de-asfalto-na-av-augusto-pestana","status":"publish","type":"post","link":"https:\/\/prefeitura.santarosa.rs.gov.br\/?p=13008","title":{"rendered":"Avan\u00e7a obra de asfalto na Av. Augusto Pestana"},"content":{"rendered":"\n<figure class=\"wp-block-image size-full\"><img fetchpriority=\"high\" decoding=\"async\" width=\"860\" height=\"645\" src=\"https:\/\/prefeitura.santarosa.rs.gov.br\/wp-content\/uploads\/2025\/02\/Formato-Site-e-Portal-860X645-JPG-2025-02-27T111207.009.jpg\" alt=\"\" class=\"wp-image-13009\" srcset=\"https:\/\/prefeitura.santarosa.rs.gov.br\/wp-content\/uploads\/2025\/02\/Formato-Site-e-Portal-860X645-JPG-2025-02-27T111207.009.jpg 860w, https:\/\/prefeitura.santarosa.rs.gov.br\/wp-content\/uploads\/2025\/02\/Formato-Site-e-Portal-860X645-JPG-2025-02-27T111207.009-300x225.jpg 300w, https:\/\/prefeitura.santarosa.rs.gov.br\/wp-content\/uploads\/2025\/02\/Formato-Site-e-Portal-860X645-JPG-2025-02-27T111207.009-768x576.jpg 768w\" sizes=\"(max-width: 860px) 100vw, 860px\" \/><\/figure>\n\n\n\n<p>A pavimenta\u00e7\u00e3o asf\u00e1ltica da Avenida Augusto Pestana, no Bairro Cruzeiro, est\u00e1 avan\u00e7ando. Mais de 70% da obra j\u00e1 foi conclu\u00edda. O investimento total supera R$ 3,8 milh\u00f5es e abrange uma \u00e1rea de 23.350 metros quadrados, entre a Avenida Firmino de Paula e a Avenida Buric\u00e1.<\/p>\n\n\n\n<p>O projeto contempla a cria\u00e7\u00e3o de uma segunda pista no trecho que atualmente possui apenas uma via, al\u00e9m da reconstru\u00e7\u00e3o do pavimento existente. O prefeito Anderson Mantei destacou as melhorias na infraestrutura, &#8220;Esta duplica\u00e7\u00e3o da Avenida Augusto Pestana vai proporcionar mais mobilidade e melhorar o fluxo de ve\u00edculos que utilizam essa importante via do bairro Cruzeiro. Estamos avan\u00e7ando com a pavimenta\u00e7\u00e3o de v\u00e1rias obras em Santa Rosa para promover cada vez mais, o desenvolvimento da nossa cidade&#8221;.<\/p>\n\n\n\n<p>Diversos servi\u00e7os complementares est\u00e3o sendo realizados no local, como a instala\u00e7\u00e3o de meio-fio e sarjetas de concreto, rede de drenagem, constru\u00e7\u00e3o de base e sub-base, rampas de acessibilidade, nivelamento das tampas da Aegea\/Corsan, al\u00e9m da conclus\u00e3o da duplica\u00e7\u00e3o da avenida e a implementa\u00e7\u00e3o de sinaliza\u00e7\u00e3o horizontal e vertical. A conclus\u00e3o da obra est\u00e1 prevista para abril de 2025.<\/p>\n","protected":false},"excerpt":{"rendered":"<p>A pavimenta\u00e7\u00e3o asf\u00e1ltica da Avenida Augusto Pestana, no Bairro Cruzeiro, est\u00e1 avan\u00e7ando. Mais de 70% da obra j\u00e1 foi conclu\u00edda.<\/p>\n","protected":false},"author":6,"featured_media":13017,"comment_status":"closed","ping_status":"closed","sticky":false,"template":"","format":"standard","meta":{"footnotes":""},"categories":[4,22],"tags":[],"class_list":["post-13008","post","type-post","status-publish","format-standard","has-post-thumbnail","hentry","category-noticias","category-secretaria-municipal-de-planejamento-e-habitacao"],"aioseo_notices":[],"_links":{"self":[{"href":"https:\/\/prefeitura.santarosa.rs.gov.br\/index.php?rest_route=\/wp\/v2\/posts\/13008","targetHints":{"allow":["GET"]}}],"collection":[{"href":"https:\/\/prefeitura.santarosa.rs.gov.br\/index.php?rest_route=\/wp\/v2\/posts"}],"about":[{"href":"https:\/\/prefeitura.santarosa.rs.gov.br\/index.php?rest_route=\/wp\/v2\/types\/post"}],"author":[{"embeddable":true,"href":"https:\/\/prefeitura.santarosa.rs.gov.br\/index.php?rest_route=\/wp\/v2\/users\/6"}],"replies":[{"embeddable":true,"href":"https:\/\/prefeitura.santarosa.rs.gov.br\/index.php?rest_route=%2Fwp%2Fv2%2Fcomments&post=13008"}],"version-history":[{"count":1,"href":"https:\/\/prefeitura.santarosa.rs.gov.br\/index.php?rest_route=\/wp\/v2\/posts\/13008\/revisions"}],"predecessor-version":[{"id":13011,"href":"https:\/\/prefeitura.santarosa.rs.gov.br\/index.php?rest_route=\/wp\/v2\/posts\/13008\/revisions\/13011"}],"wp:featuredmedia":[{"embeddable":true,"href":"https:\/\/prefeitura.santarosa.rs.gov.br\/index.php?rest_route=\/wp\/v2\/media\/13017"}],"wp:attachment":[{"href":"https:\/\/prefeitura.santarosa.rs.gov.br\/index.php?rest_route=%2Fwp%2Fv2%2Fmedia&parent=13008"}],"wp:term":[{"taxonomy":"category","embeddable":true,"href":"https:\/\/prefeitura.santarosa.rs.gov.br\/index.php?rest_route=%2Fwp%2Fv2%2Fcategories&post=13008"},{"taxonomy":"post_tag","embeddable":true,"href":"https:\/\/prefeitura.santarosa.rs.gov.br\/index.php?rest_route=%2Fwp%2Fv2%2Ftags&post=13008"}],"curies":[{"name":"wp","href":"https:\/\/api.w.org\/{rel}","templated":true}]}}