{"id":12989,"date":"2025-02-27T08:29:08","date_gmt":"2025-02-27T11:29:08","guid":{"rendered":"https:\/\/prefeitura.santarosa.rs.gov.br\/?p=12989"},"modified":"2025-02-27T08:29:08","modified_gmt":"2025-02-27T11:29:08","slug":"secretaria-de-obras-realiza-diversas-manutencoes-na-cidade-e-no-interior","status":"publish","type":"post","link":"https:\/\/prefeitura.santarosa.rs.gov.br\/?p=12989","title":{"rendered":"Secretaria de Obras realiza diversas manuten\u00e7\u00f5es na cidade e no interior"},"content":{"rendered":"\n<figure class=\"wp-block-image size-full\"><img fetchpriority=\"high\" decoding=\"async\" width=\"860\" height=\"645\" src=\"https:\/\/prefeitura.santarosa.rs.gov.br\/wp-content\/uploads\/2025\/02\/Formato-Site-e-Portal-860X645-JPG-2025-02-27T082707.211.jpg\" alt=\"\" class=\"wp-image-12990\" srcset=\"https:\/\/prefeitura.santarosa.rs.gov.br\/wp-content\/uploads\/2025\/02\/Formato-Site-e-Portal-860X645-JPG-2025-02-27T082707.211.jpg 860w, https:\/\/prefeitura.santarosa.rs.gov.br\/wp-content\/uploads\/2025\/02\/Formato-Site-e-Portal-860X645-JPG-2025-02-27T082707.211-300x225.jpg 300w, https:\/\/prefeitura.santarosa.rs.gov.br\/wp-content\/uploads\/2025\/02\/Formato-Site-e-Portal-860X645-JPG-2025-02-27T082707.211-768x576.jpg 768w\" sizes=\"(max-width: 860px) 100vw, 860px\" \/><\/figure>\n\n\n\n<p>As equipes da Secretaria de Obras t\u00eam intensificado os trabalhos de manuten\u00e7\u00e3o das ruas da cidade e das estradas do interior. Nesta semana, diversos locais foram contemplados com servi\u00e7os de alargamento, cascalhamento, patrolamento, nivelamento e coloca\u00e7\u00e3o de massa asf\u00e1ltica.<\/p>\n\n\n\n<p>Entre os locais que receberam melhorias est\u00e3o a Tv. Guilherme Foliatti, no Distrito Industrial, a R. Wilson Pedro Seger, no bairro Planalto, o trecho entre a RS-344 at\u00e9 a R. Benvindo Giordani, e a comunidade do Lajeado Paulino, onde foi realizado o recapeamento da ponte naquela localidade. O vice-prefeito Aldemir Ulrich e o Secret\u00e1rio de Obras, Tenente-Coronel Valtair Dornelles, vistoriaram o andamento das obras, &#8220;Estamos buscando atender todas as demandas protocoladas no munic\u00edpio. Essas eram antigas reivindica\u00e7\u00f5es que agora foram atendidas. Na Tv. Guilherme Foliatti, foi realizado um trabalho bem intenso, em fun\u00e7\u00e3o de que era uma via muito estreita e precisou ser alargada. Ap\u00f3s a conclus\u00e3o da obra, j\u00e1 tivemos uma resposta positiva por parte dos moradores daquela regi\u00e3o&#8221;, destacou o vice-prefeito.<\/p>\n\n\n\n<p>Ainda nesta semana, as equipes ir\u00e3o trabalhar na continuidade da R. Benvindo Giordani, no bairro Planalto, at\u00e9 a esquina com a Tv. Guilherme Foliatti, no Distrito Industrial. No local, ser\u00e1 realizado o cascalhamento em um trecho de 600 metros e tamb\u00e9m uma a\u00e7\u00e3o de recolhimento de lixos e entulhos.<\/p>\n","protected":false},"excerpt":{"rendered":"<p>As equipes da Secretaria de Obras t\u00eam intensificado os trabalhos de manuten\u00e7\u00e3o das ruas da cidade e das estradas do<\/p>\n","protected":false},"author":6,"featured_media":12991,"comment_status":"open","ping_status":"open","sticky":false,"template":"","format":"standard","meta":{"footnotes":""},"categories":[4,21,22],"tags":[],"class_list":["post-12989","post","type-post","status-publish","format-standard","has-post-thumbnail","hentry","category-noticias","category-secretaria-municipal-de-obras","category-secretaria-municipal-de-planejamento-e-habitacao"],"aioseo_notices":[],"_links":{"self":[{"href":"https:\/\/prefeitura.santarosa.rs.gov.br\/index.php?rest_route=\/wp\/v2\/posts\/12989","targetHints":{"allow":["GET"]}}],"collection":[{"href":"https:\/\/prefeitura.santarosa.rs.gov.br\/index.php?rest_route=\/wp\/v2\/posts"}],"about":[{"href":"https:\/\/prefeitura.santarosa.rs.gov.br\/index.php?rest_route=\/wp\/v2\/types\/post"}],"author":[{"embeddable":true,"href":"https:\/\/prefeitura.santarosa.rs.gov.br\/index.php?rest_route=\/wp\/v2\/users\/6"}],"replies":[{"embeddable":true,"href":"https:\/\/prefeitura.santarosa.rs.gov.br\/index.php?rest_route=%2Fwp%2Fv2%2Fcomments&post=12989"}],"version-history":[{"count":1,"href":"https:\/\/prefeitura.santarosa.rs.gov.br\/index.php?rest_route=\/wp\/v2\/posts\/12989\/revisions"}],"predecessor-version":[{"id":12992,"href":"https:\/\/prefeitura.santarosa.rs.gov.br\/index.php?rest_route=\/wp\/v2\/posts\/12989\/revisions\/12992"}],"wp:featuredmedia":[{"embeddable":true,"href":"https:\/\/prefeitura.santarosa.rs.gov.br\/index.php?rest_route=\/wp\/v2\/media\/12991"}],"wp:attachment":[{"href":"https:\/\/prefeitura.santarosa.rs.gov.br\/index.php?rest_route=%2Fwp%2Fv2%2Fmedia&parent=12989"}],"wp:term":[{"taxonomy":"category","embeddable":true,"href":"https:\/\/prefeitura.santarosa.rs.gov.br\/index.php?rest_route=%2Fwp%2Fv2%2Fcategories&post=12989"},{"taxonomy":"post_tag","embeddable":true,"href":"https:\/\/prefeitura.santarosa.rs.gov.br\/index.php?rest_route=%2Fwp%2Fv2%2Ftags&post=12989"}],"curies":[{"name":"wp","href":"https:\/\/api.w.org\/{rel}","templated":true}]}}