{"id":12957,"date":"2025-02-26T10:27:09","date_gmt":"2025-02-26T13:27:09","guid":{"rendered":"https:\/\/prefeitura.santarosa.rs.gov.br\/?p=12957"},"modified":"2025-02-26T10:27:11","modified_gmt":"2025-02-26T13:27:11","slug":"prefeitura-ira-funcionar-normalmente-durante-o-carnaval","status":"publish","type":"post","link":"https:\/\/prefeitura.santarosa.rs.gov.br\/?p=12957","title":{"rendered":"Prefeitura ir\u00e1 funcionar normalmente durante o Carnaval"},"content":{"rendered":"\n<figure class=\"wp-block-image size-full\"><img fetchpriority=\"high\" decoding=\"async\" width=\"860\" height=\"645\" src=\"https:\/\/prefeitura.santarosa.rs.gov.br\/wp-content\/uploads\/2025\/02\/Formato-Site-e-Portal-860X645-JPG-2025-02-26T102444.525.jpg\" alt=\"\" class=\"wp-image-12958\" srcset=\"https:\/\/prefeitura.santarosa.rs.gov.br\/wp-content\/uploads\/2025\/02\/Formato-Site-e-Portal-860X645-JPG-2025-02-26T102444.525.jpg 860w, https:\/\/prefeitura.santarosa.rs.gov.br\/wp-content\/uploads\/2025\/02\/Formato-Site-e-Portal-860X645-JPG-2025-02-26T102444.525-300x225.jpg 300w, https:\/\/prefeitura.santarosa.rs.gov.br\/wp-content\/uploads\/2025\/02\/Formato-Site-e-Portal-860X645-JPG-2025-02-26T102444.525-768x576.jpg 768w\" sizes=\"(max-width: 860px) 100vw, 860px\" \/><\/figure>\n\n\n\n<p>A Prefeitura Municipal de Santa Rosa informa que conforme a Lei Municipal n\u00ba 4.504, de 2009, que disp\u00f5e sobre os feriados e pontos facultativos no Munic\u00edpio, foi publicado o Decreto n\u00ba 35, de 24 de fevereiro de 2025, que determina, excepcionalmente, em raz\u00e3o do interesse p\u00fabico, a manuten\u00e7\u00e3o do expediente normal a ser adotado pelos \u00f3rg\u00e3os da Administra\u00e7\u00e3o P\u00fablica Direta e Indireta do Poder Executivo do Munic\u00edpio, no per\u00edodo do carnaval e quarta-feira de cinzas. Dessa forma, haver\u00e1 atendimento nos dias 03\/03 e 04\/03 (segunda-feira e ter\u00e7a-feira de carnaval), e, no dia 05\/03\/2025 (quarta-feira de cinzas).<\/p>\n\n\n\n<p>Todos os setores e servi\u00e7os da prefeitura permanecem com expediente normal, inclusive as escolas da Rede Municipal de Ensino, conforme seu calend\u00e1rio escolar, e as Unidades B\u00e1sicas de Sa\u00fade e demais departamentos da FUMSSAR.<\/p>\n","protected":false},"excerpt":{"rendered":"<p>A Prefeitura Municipal de Santa Rosa informa que conforme a Lei Municipal n\u00ba 4.504, de 2009, que disp\u00f5e sobre os<\/p>\n","protected":false},"author":6,"featured_media":12959,"comment_status":"closed","ping_status":"closed","sticky":false,"template":"","format":"standard","meta":{"footnotes":""},"categories":[4,15],"tags":[],"class_list":["post-12957","post","type-post","status-publish","format-standard","has-post-thumbnail","hentry","category-noticias","category-secretaria-municipal-de-comunicacao"],"aioseo_notices":[],"_links":{"self":[{"href":"https:\/\/prefeitura.santarosa.rs.gov.br\/index.php?rest_route=\/wp\/v2\/posts\/12957","targetHints":{"allow":["GET"]}}],"collection":[{"href":"https:\/\/prefeitura.santarosa.rs.gov.br\/index.php?rest_route=\/wp\/v2\/posts"}],"about":[{"href":"https:\/\/prefeitura.santarosa.rs.gov.br\/index.php?rest_route=\/wp\/v2\/types\/post"}],"author":[{"embeddable":true,"href":"https:\/\/prefeitura.santarosa.rs.gov.br\/index.php?rest_route=\/wp\/v2\/users\/6"}],"replies":[{"embeddable":true,"href":"https:\/\/prefeitura.santarosa.rs.gov.br\/index.php?rest_route=%2Fwp%2Fv2%2Fcomments&post=12957"}],"version-history":[{"count":1,"href":"https:\/\/prefeitura.santarosa.rs.gov.br\/index.php?rest_route=\/wp\/v2\/posts\/12957\/revisions"}],"predecessor-version":[{"id":12960,"href":"https:\/\/prefeitura.santarosa.rs.gov.br\/index.php?rest_route=\/wp\/v2\/posts\/12957\/revisions\/12960"}],"wp:featuredmedia":[{"embeddable":true,"href":"https:\/\/prefeitura.santarosa.rs.gov.br\/index.php?rest_route=\/wp\/v2\/media\/12959"}],"wp:attachment":[{"href":"https:\/\/prefeitura.santarosa.rs.gov.br\/index.php?rest_route=%2Fwp%2Fv2%2Fmedia&parent=12957"}],"wp:term":[{"taxonomy":"category","embeddable":true,"href":"https:\/\/prefeitura.santarosa.rs.gov.br\/index.php?rest_route=%2Fwp%2Fv2%2Fcategories&post=12957"},{"taxonomy":"post_tag","embeddable":true,"href":"https:\/\/prefeitura.santarosa.rs.gov.br\/index.php?rest_route=%2Fwp%2Fv2%2Ftags&post=12957"}],"curies":[{"name":"wp","href":"https:\/\/api.w.org\/{rel}","templated":true}]}}