{"id":12932,"date":"2025-02-21T16:29:32","date_gmt":"2025-02-21T19:29:32","guid":{"rendered":"https:\/\/prefeitura.santarosa.rs.gov.br\/?p=12932"},"modified":"2025-02-21T16:29:33","modified_gmt":"2025-02-21T19:29:33","slug":"posse-da-nova-diretoria-do-conselho-municipal-dos-direitos-do-idoso","status":"publish","type":"post","link":"https:\/\/prefeitura.santarosa.rs.gov.br\/?p=12932","title":{"rendered":"Posse da nova diretoria do Conselho Municipal dos Direitos do Idoso"},"content":{"rendered":"\n<figure class=\"wp-block-image size-full\"><img fetchpriority=\"high\" decoding=\"async\" width=\"860\" height=\"645\" src=\"https:\/\/prefeitura.santarosa.rs.gov.br\/wp-content\/uploads\/2025\/02\/Formato-Site-e-Portal-860X645-JPG-2025-02-21T162430.015.jpg\" alt=\"\" class=\"wp-image-12933\" srcset=\"https:\/\/prefeitura.santarosa.rs.gov.br\/wp-content\/uploads\/2025\/02\/Formato-Site-e-Portal-860X645-JPG-2025-02-21T162430.015.jpg 860w, https:\/\/prefeitura.santarosa.rs.gov.br\/wp-content\/uploads\/2025\/02\/Formato-Site-e-Portal-860X645-JPG-2025-02-21T162430.015-300x225.jpg 300w, https:\/\/prefeitura.santarosa.rs.gov.br\/wp-content\/uploads\/2025\/02\/Formato-Site-e-Portal-860X645-JPG-2025-02-21T162430.015-768x576.jpg 768w\" sizes=\"(max-width: 860px) 100vw, 860px\" \/><\/figure>\n\n\n\n<p>Nesta semana, aconteceu a reuni\u00e3o de posse da nova diretoria do Conselho Municipal dos Direitos do Idoso (CMDI) de Santa Rosa para a gest\u00e3o 2025\/2026. O evento foi realizado no Centro de Conviv\u00eancia do Idoso, na Vila Oliveira. Durante o encontro, diversas pautas foram abordadas, com destaque para a Confer\u00eancia Municipal dos Idosos de Santa Rosa, um evento importante para discutir os direitos e o bem-estar da popula\u00e7\u00e3o idosa do munic\u00edpio.<\/p>\n\n\n\n<p>A reuni\u00e3o tamb\u00e9m marcou a visita de representantes da Receita Federal, incluindo o Auditor-Fiscal Arlei Carlos Schons, o Auditor-Fiscal Charles Ost e o Analista Tribut\u00e1rio Marcos Timm. Na oportunidade, foi tratado sobre as campanhas de arrecada\u00e7\u00e3o do Imposto de Renda 2025, que destinam 3% do imposto devido para o Fundo Municipal dos Direitos dos Idosos de Santa Rosa. O Gerente de Pol\u00edticas para o Idoso, Fernando Fonseca, destacou que, gra\u00e7as \u00e0s parcerias formadas nas campanhas anteriores, o valor arrecadado no ano passado foi 50% maior do que o registrado em 2023, uma conquista significativa para fortalecer as a\u00e7\u00f5es em benef\u00edcio da popula\u00e7\u00e3o idosa.<\/p>\n\n\n\n<p>A nova composi\u00e7\u00e3o do N\u00facleo de Coordena\u00e7\u00e3o do CMDI ficou da seguinte forma:<\/p>\n\n\n\n<ul class=\"wp-block-list\">\n<li>Presidente: Irma Cembranel &#8211; Associa\u00e7\u00e3o Santa-rosense de C\u00e2mbio (ASSCAM)<\/li>\n\n\n\n<li>1\u00aa Vice-Presidente: Roseli Bess &#8211; Secretaria de Esporte<\/li>\n\n\n\n<li>2\u00ba Vice-Presidente: Fernando Fonseca &#8211; Gerente de Pol\u00edticas para o Idoso da Secretaria de Desenvolvimento Social<\/li>\n\n\n\n<li>1\u00ba Secret\u00e1rio: Astrogildo Eckardt &#8211; Associa\u00e7\u00e3o Grupo de C\u00e2mbio Energia (AGEN)<\/li>\n\n\n\n<li>2\u00aa Secret\u00e1ria: Fabio Gon\u00e7alves Soares &#8211; Dentista &#8211; FUMSSAR<\/li>\n\n\n\n<li>1\u00ba Suplente: Liane Calza &#8211; Assistente Social &#8211; SMDS<\/li>\n\n\n\n<li>2\u00ba Suplente: Tulio dos Santos &#8211; Associa\u00e7\u00e3o Centro de Conviv\u00eancia<\/li>\n<\/ul>\n\n\n\n<p>A reuni\u00e3o de posse tamb\u00e9m refor\u00e7ou a import\u00e2ncia de continuar o trabalho em prol do idoso, buscando parcerias e a\u00e7\u00f5es que tragam melhorias na qualidade de vida da popula\u00e7\u00e3o idosa de Santa Rosa.<\/p>\n","protected":false},"excerpt":{"rendered":"<p>Nesta semana, aconteceu a reuni\u00e3o de posse da nova diretoria do Conselho Municipal dos Direitos do Idoso (CMDI) de Santa<\/p>\n","protected":false},"author":6,"featured_media":12934,"comment_status":"closed","ping_status":"closed","sticky":false,"template":"","format":"standard","meta":{"footnotes":""},"categories":[4,17],"tags":[],"class_list":["post-12932","post","type-post","status-publish","format-standard","has-post-thumbnail","hentry","category-noticias","category-secretaria-municipal-de-desenvolvimento-social"],"aioseo_notices":[],"_links":{"self":[{"href":"https:\/\/prefeitura.santarosa.rs.gov.br\/index.php?rest_route=\/wp\/v2\/posts\/12932","targetHints":{"allow":["GET"]}}],"collection":[{"href":"https:\/\/prefeitura.santarosa.rs.gov.br\/index.php?rest_route=\/wp\/v2\/posts"}],"about":[{"href":"https:\/\/prefeitura.santarosa.rs.gov.br\/index.php?rest_route=\/wp\/v2\/types\/post"}],"author":[{"embeddable":true,"href":"https:\/\/prefeitura.santarosa.rs.gov.br\/index.php?rest_route=\/wp\/v2\/users\/6"}],"replies":[{"embeddable":true,"href":"https:\/\/prefeitura.santarosa.rs.gov.br\/index.php?rest_route=%2Fwp%2Fv2%2Fcomments&post=12932"}],"version-history":[{"count":1,"href":"https:\/\/prefeitura.santarosa.rs.gov.br\/index.php?rest_route=\/wp\/v2\/posts\/12932\/revisions"}],"predecessor-version":[{"id":12935,"href":"https:\/\/prefeitura.santarosa.rs.gov.br\/index.php?rest_route=\/wp\/v2\/posts\/12932\/revisions\/12935"}],"wp:featuredmedia":[{"embeddable":true,"href":"https:\/\/prefeitura.santarosa.rs.gov.br\/index.php?rest_route=\/wp\/v2\/media\/12934"}],"wp:attachment":[{"href":"https:\/\/prefeitura.santarosa.rs.gov.br\/index.php?rest_route=%2Fwp%2Fv2%2Fmedia&parent=12932"}],"wp:term":[{"taxonomy":"category","embeddable":true,"href":"https:\/\/prefeitura.santarosa.rs.gov.br\/index.php?rest_route=%2Fwp%2Fv2%2Fcategories&post=12932"},{"taxonomy":"post_tag","embeddable":true,"href":"https:\/\/prefeitura.santarosa.rs.gov.br\/index.php?rest_route=%2Fwp%2Fv2%2Ftags&post=12932"}],"curies":[{"name":"wp","href":"https:\/\/api.w.org\/{rel}","templated":true}]}}