{"id":12927,"date":"2025-02-21T15:38:33","date_gmt":"2025-02-21T18:38:33","guid":{"rendered":"https:\/\/prefeitura.santarosa.rs.gov.br\/?p=12927"},"modified":"2025-02-21T15:38:34","modified_gmt":"2025-02-21T18:38:34","slug":"retrospectivas-2024-escolas-municipais-emei-herois-do-futuro","status":"publish","type":"post","link":"https:\/\/prefeitura.santarosa.rs.gov.br\/?p=12927","title":{"rendered":"Retrospectivas 2024 Escolas Municipais: EMEI Her\u00f3is do Futuro"},"content":{"rendered":"\n<figure class=\"wp-block-image size-full\"><img fetchpriority=\"high\" decoding=\"async\" width=\"860\" height=\"645\" src=\"https:\/\/prefeitura.santarosa.rs.gov.br\/wp-content\/uploads\/2025\/02\/Formato-Site-e-Portal-860X645-JPG-2025-02-21T153520.549.jpg\" alt=\"\" class=\"wp-image-12928\" srcset=\"https:\/\/prefeitura.santarosa.rs.gov.br\/wp-content\/uploads\/2025\/02\/Formato-Site-e-Portal-860X645-JPG-2025-02-21T153520.549.jpg 860w, https:\/\/prefeitura.santarosa.rs.gov.br\/wp-content\/uploads\/2025\/02\/Formato-Site-e-Portal-860X645-JPG-2025-02-21T153520.549-300x225.jpg 300w, https:\/\/prefeitura.santarosa.rs.gov.br\/wp-content\/uploads\/2025\/02\/Formato-Site-e-Portal-860X645-JPG-2025-02-21T153520.549-768x576.jpg 768w\" sizes=\"(max-width: 860px) 100vw, 860px\" \/><\/figure>\n\n\n\n<p>Em 2024, a EMEI Her\u00f3is do Futuro, completou 23 anos de hist\u00f3ria. Atualmente, a escola atende 112 alunos em 5 turmas de pr\u00e9-escola. Durante o ano, diversas a\u00e7\u00f5es marcaram o cotidiano escolar, com destaque para projetos liter\u00e1rios e o Projeto Sala Verde, que estimularam o aprendizado e a intera\u00e7\u00e3o entre as crian\u00e7as, incentivando a imagina\u00e7\u00e3o e a consci\u00eancia ambiental. Pela primeira vez, foi realizado tamb\u00e9m na escola, o Dia da Fam\u00edlia, um evento que homenageou os av\u00f3s.<\/p>\n\n\n\n<p>Outro grande destaque foi o Projeto Alimenta\u00e7\u00e3o Saud\u00e1vel, desenvolvido em parceria com os estudantes de Medicina do Hospital Vida &amp; Sa\u00fade. Esse projeto trouxe pr\u00e1ticas alimentares e conceitos de sa\u00fade de maneira educativa e divertida, envolvendo ativamente as crian\u00e7as. Al\u00e9m disso, a equipe e os alunos da EMEI tamb\u00e9m se engajaram em um projeto solid\u00e1rio para homenagear \u00e0s v\u00edtimas das enchentes do Rio Grande do Sul. Os estudantes participaram de uma a\u00e7\u00e3o que promoveu o aprendizado sobre empatia e a import\u00e2ncia da ajuda comunit\u00e1ria. No final do ano, o Dia no Parque proporcionou um momento de lazer e integra\u00e7\u00e3o para as fam\u00edlias, com destaque para uma mostra fotogr\u00e1fica e uma oficina de pintura de rosto.<\/p>\n\n\n\n<p>Para 2025, a coordena\u00e7\u00e3o planeja implementar novas a\u00e7\u00f5es e melhorar a infraestrutura da escola. Entre os projetos, est\u00e1 o AEI (Afeto, Empatia e Inclus\u00e3o), que visa fortalecer a empatia entre as crian\u00e7as e criar um ambiente inclusivo e respeitoso. O Projeto Descobrindo o Planeta Verde, que busca ensinar as crian\u00e7as a explorar a natureza e usar a tecnologia para cuidar do meio ambiente, tamb\u00e9m estar\u00e1 em foco. Al\u00e9m disso, o Projeto Corpo em Movimento vai incentivar os alunos a se expressarem fisicamente, promovendo sa\u00fade e aprendizado atrav\u00e9s de brincadeiras e atividades f\u00edsicas. A diretora M\u00e1rcia Beatriz da Luz Lopes Dogonski, destacou a import\u00e2ncia de educar com momentos significativos de aprendizagem para todos, \u201cEm 2025, nossa escola ir\u00e1 ampliar o n\u00famero de turmas e seguir com seu compromisso de oferecer um ensino-aprendizagem de acordo com as necessidades da comunidade escolar, sempre com foco no desenvolvimento humano e no bem-estar dos alunos\u201d.<\/p>\n\n\n\n<p>A EMEI Her\u00f3is do Futuro fica localizada na Rua Sinval Saldanha, n\u00ba 1.118, no Bairro Planalto.<\/p>\n","protected":false},"excerpt":{"rendered":"<p>Em 2024, a EMEI Her\u00f3is do Futuro, completou 23 anos de hist\u00f3ria. Atualmente, a escola atende 112 alunos em 5<\/p>\n","protected":false},"author":6,"featured_media":12929,"comment_status":"closed","ping_status":"closed","sticky":false,"template":"","format":"standard","meta":{"footnotes":""},"categories":[4,18],"tags":[],"class_list":["post-12927","post","type-post","status-publish","format-standard","has-post-thumbnail","hentry","category-noticias","category-secretaria-municipal-de-educacao-e-cultura"],"aioseo_notices":[],"_links":{"self":[{"href":"https:\/\/prefeitura.santarosa.rs.gov.br\/index.php?rest_route=\/wp\/v2\/posts\/12927","targetHints":{"allow":["GET"]}}],"collection":[{"href":"https:\/\/prefeitura.santarosa.rs.gov.br\/index.php?rest_route=\/wp\/v2\/posts"}],"about":[{"href":"https:\/\/prefeitura.santarosa.rs.gov.br\/index.php?rest_route=\/wp\/v2\/types\/post"}],"author":[{"embeddable":true,"href":"https:\/\/prefeitura.santarosa.rs.gov.br\/index.php?rest_route=\/wp\/v2\/users\/6"}],"replies":[{"embeddable":true,"href":"https:\/\/prefeitura.santarosa.rs.gov.br\/index.php?rest_route=%2Fwp%2Fv2%2Fcomments&post=12927"}],"version-history":[{"count":1,"href":"https:\/\/prefeitura.santarosa.rs.gov.br\/index.php?rest_route=\/wp\/v2\/posts\/12927\/revisions"}],"predecessor-version":[{"id":12930,"href":"https:\/\/prefeitura.santarosa.rs.gov.br\/index.php?rest_route=\/wp\/v2\/posts\/12927\/revisions\/12930"}],"wp:featuredmedia":[{"embeddable":true,"href":"https:\/\/prefeitura.santarosa.rs.gov.br\/index.php?rest_route=\/wp\/v2\/media\/12929"}],"wp:attachment":[{"href":"https:\/\/prefeitura.santarosa.rs.gov.br\/index.php?rest_route=%2Fwp%2Fv2%2Fmedia&parent=12927"}],"wp:term":[{"taxonomy":"category","embeddable":true,"href":"https:\/\/prefeitura.santarosa.rs.gov.br\/index.php?rest_route=%2Fwp%2Fv2%2Fcategories&post=12927"},{"taxonomy":"post_tag","embeddable":true,"href":"https:\/\/prefeitura.santarosa.rs.gov.br\/index.php?rest_route=%2Fwp%2Fv2%2Ftags&post=12927"}],"curies":[{"name":"wp","href":"https:\/\/api.w.org\/{rel}","templated":true}]}}