{"id":12923,"date":"2025-02-21T10:47:50","date_gmt":"2025-02-21T13:47:50","guid":{"rendered":"https:\/\/prefeitura.santarosa.rs.gov.br\/?p=12923"},"modified":"2025-02-21T10:47:51","modified_gmt":"2025-02-21T13:47:51","slug":"retrospectivas-2024-escolas-municipais-emei-sonho-infantil","status":"publish","type":"post","link":"https:\/\/prefeitura.santarosa.rs.gov.br\/?p=12923","title":{"rendered":"Retrospectivas 2024 Escolas Municipais: EMEI Sonho Infantil"},"content":{"rendered":"\n<figure class=\"wp-block-image size-full\"><img fetchpriority=\"high\" decoding=\"async\" width=\"860\" height=\"645\" src=\"https:\/\/prefeitura.santarosa.rs.gov.br\/wp-content\/uploads\/2025\/02\/Formato-Site-e-Portal-860X645-JPG-2025-02-21T104454.418.jpg\" alt=\"\" class=\"wp-image-12924\" srcset=\"https:\/\/prefeitura.santarosa.rs.gov.br\/wp-content\/uploads\/2025\/02\/Formato-Site-e-Portal-860X645-JPG-2025-02-21T104454.418.jpg 860w, https:\/\/prefeitura.santarosa.rs.gov.br\/wp-content\/uploads\/2025\/02\/Formato-Site-e-Portal-860X645-JPG-2025-02-21T104454.418-300x225.jpg 300w, https:\/\/prefeitura.santarosa.rs.gov.br\/wp-content\/uploads\/2025\/02\/Formato-Site-e-Portal-860X645-JPG-2025-02-21T104454.418-768x576.jpg 768w\" sizes=\"(max-width: 860px) 100vw, 860px\" \/><\/figure>\n\n\n\n<p>A EMEI Sonho Infantil, parte da Rede Municipal de Ensino de Santa Rosa, completou 19 anos de hist\u00f3ria em 2024. A escola atende atualmente 245 alunos, distribu\u00eddos em 12 turmas que v\u00e3o desde o Ber\u00e7\u00e1rio 1 (a partir de 4 meses) at\u00e9 a Pr\u00e9-Escola 2 (5 anos de idade). Durante o ano que passou, o calend\u00e1rio escolar foi marcado por uma s\u00e9rie de a\u00e7\u00f5es com foco no desenvolvimento integral das crian\u00e7as. Entre os principais projetos, foram destaque o resgate hist\u00f3rico da Fenasoja, que envolveu os estudantes em atividades culturais e hist\u00f3ricas relacionadas ao evento, e a Semana do Folclore, uma viv\u00eancia rica para ensinar sobre as tradi\u00e7\u00f5es brasileiras de maneira l\u00fadica e interativa.<\/p>\n\n\n\n<p>Outro projeto relevante foi a parceria com o Fundo Social do Sicredi, que possibilitou melhorias na infraestrutura da escola. A EMEI tamb\u00e9m adquiriu brinquedos de madeira e pain\u00e9is sensoriais, que foram instalados em \u00e1reas de uso coletivo, oferecendo novas possibilidades de intera\u00e7\u00e3o e aprendizado para as crian\u00e7as. A diretora Regiane Graciele Henkes, destacou a import\u00e2ncia da uni\u00e3o entre a equipe e a comunidade escolar para o sucesso das a\u00e7\u00f5es realizadas, \u201cNo \u00faltimo ano, conseguimos promover melhorias nos espa\u00e7os da escola oferecendo assim, suporte necess\u00e1rio para a nossa equipe, garantindo que as crian\u00e7as tivessem experi\u00eancias significativas, explorando suas potencialidades e habilidades\u201d.<\/p>\n\n\n\n<p>Para 2025, a dire\u00e7\u00e3o planeja expandir os projetos com a implementa\u00e7\u00e3o de novas iniciativas e a continua\u00e7\u00e3o das melhorias na infraestrutura. A aquisi\u00e7\u00e3o de materiais pedag\u00f3gicos diferenciados est\u00e1 prevista, com o intuito de enriquecer ainda mais o trabalho com os alunos e dar suporte aos servidores para o desenvolvimento das atividades. A EMEI Sonho Infantil est\u00e1 localizada na Rua Porto Alegre, n\u00ba 126, na Vila Beatriz, Bairro Central.<\/p>\n","protected":false},"excerpt":{"rendered":"<p>A EMEI Sonho Infantil, parte da Rede Municipal de Ensino de Santa Rosa, completou 19 anos de hist\u00f3ria em 2024.<\/p>\n","protected":false},"author":6,"featured_media":12925,"comment_status":"closed","ping_status":"closed","sticky":false,"template":"","format":"standard","meta":{"footnotes":""},"categories":[4,18],"tags":[],"class_list":["post-12923","post","type-post","status-publish","format-standard","has-post-thumbnail","hentry","category-noticias","category-secretaria-municipal-de-educacao-e-cultura"],"aioseo_notices":[],"_links":{"self":[{"href":"https:\/\/prefeitura.santarosa.rs.gov.br\/index.php?rest_route=\/wp\/v2\/posts\/12923","targetHints":{"allow":["GET"]}}],"collection":[{"href":"https:\/\/prefeitura.santarosa.rs.gov.br\/index.php?rest_route=\/wp\/v2\/posts"}],"about":[{"href":"https:\/\/prefeitura.santarosa.rs.gov.br\/index.php?rest_route=\/wp\/v2\/types\/post"}],"author":[{"embeddable":true,"href":"https:\/\/prefeitura.santarosa.rs.gov.br\/index.php?rest_route=\/wp\/v2\/users\/6"}],"replies":[{"embeddable":true,"href":"https:\/\/prefeitura.santarosa.rs.gov.br\/index.php?rest_route=%2Fwp%2Fv2%2Fcomments&post=12923"}],"version-history":[{"count":1,"href":"https:\/\/prefeitura.santarosa.rs.gov.br\/index.php?rest_route=\/wp\/v2\/posts\/12923\/revisions"}],"predecessor-version":[{"id":12926,"href":"https:\/\/prefeitura.santarosa.rs.gov.br\/index.php?rest_route=\/wp\/v2\/posts\/12923\/revisions\/12926"}],"wp:featuredmedia":[{"embeddable":true,"href":"https:\/\/prefeitura.santarosa.rs.gov.br\/index.php?rest_route=\/wp\/v2\/media\/12925"}],"wp:attachment":[{"href":"https:\/\/prefeitura.santarosa.rs.gov.br\/index.php?rest_route=%2Fwp%2Fv2%2Fmedia&parent=12923"}],"wp:term":[{"taxonomy":"category","embeddable":true,"href":"https:\/\/prefeitura.santarosa.rs.gov.br\/index.php?rest_route=%2Fwp%2Fv2%2Fcategories&post=12923"},{"taxonomy":"post_tag","embeddable":true,"href":"https:\/\/prefeitura.santarosa.rs.gov.br\/index.php?rest_route=%2Fwp%2Fv2%2Ftags&post=12923"}],"curies":[{"name":"wp","href":"https:\/\/api.w.org\/{rel}","templated":true}]}}