{"id":12914,"date":"2025-02-21T10:04:53","date_gmt":"2025-02-21T13:04:53","guid":{"rendered":"https:\/\/prefeitura.santarosa.rs.gov.br\/?p=12914"},"modified":"2025-02-21T10:04:54","modified_gmt":"2025-02-21T13:04:54","slug":"retrospectivas-2024-unidades-basicas-de-saude-ubs-planalto","status":"publish","type":"post","link":"https:\/\/prefeitura.santarosa.rs.gov.br\/?p=12914","title":{"rendered":"Retrospectivas 2024 Unidades B\u00e1sicas de Sa\u00fade: UBS Planalto"},"content":{"rendered":"\n<figure class=\"wp-block-image size-full\"><img fetchpriority=\"high\" decoding=\"async\" width=\"860\" height=\"645\" src=\"https:\/\/prefeitura.santarosa.rs.gov.br\/wp-content\/uploads\/2025\/02\/Formato-Site-e-Portal-860X645-JPG-2025-02-21T094721.633.jpg\" alt=\"\" class=\"wp-image-12915\" srcset=\"https:\/\/prefeitura.santarosa.rs.gov.br\/wp-content\/uploads\/2025\/02\/Formato-Site-e-Portal-860X645-JPG-2025-02-21T094721.633.jpg 860w, https:\/\/prefeitura.santarosa.rs.gov.br\/wp-content\/uploads\/2025\/02\/Formato-Site-e-Portal-860X645-JPG-2025-02-21T094721.633-300x225.jpg 300w, https:\/\/prefeitura.santarosa.rs.gov.br\/wp-content\/uploads\/2025\/02\/Formato-Site-e-Portal-860X645-JPG-2025-02-21T094721.633-768x576.jpg 768w\" sizes=\"(max-width: 860px) 100vw, 860px\" \/><\/figure>\n\n\n\n<p>Dando sequ\u00eancia \u00e0s retrospectivas das Unidades B\u00e1sicas de Sa\u00fade da FUMSSAR, o Governo Municipal apresenta os dados de trabalho da UBS Planalto em 2024. No \u00faltimo ano, a UBS teve um aumento significativo no n\u00famero de atendimentos, totalizando 75.446 procedimentos realizados. A equipe multiprofissional organizou diversas atividades voltadas para a promo\u00e7\u00e3o de sa\u00fade e preven\u00e7\u00e3o de doen\u00e7as.<\/p>\n\n\n\n<p>Entre os destaques da unidade, foram realizados de janeiro a dezembro, 4.041 procedimentos odontol\u00f3gicos e 11.688 atendimentos realizados pelos agentes comunit\u00e1rios de sa\u00fade, al\u00e9m de mais de 11 mil visitas domiciliares. Al\u00e9m disso, a equipe se envolveu com a\u00e7\u00f5es do Programa Sa\u00fade na Escola (PSE), do Outubro Rosa, e com os grupos de apoio e educa\u00e7\u00e3o, como os grupos de hipertens\u00e3o, diabetes, gestantes, tabagismo, atividade f\u00edsica e oficina terap\u00eautica. A coordenadora \u00c2ngela Taminsky destacou que, al\u00e9m de atingir os indicadores propostos, os profissionais se dedicaram para atender de forma resolutiva, emp\u00e1tica e qualificada os usu\u00e1rios, \u201cO trabalho de todos foi essencial para garantir uma sa\u00fade mais pr\u00f3xima e eficiente para a comunidade do Bairro Planalto. Para 2025, continuaremos ampliando nossas a\u00e7\u00f5es e aprimorando o atendimento, visando sempre a melhor experi\u00eancia para os pacientes&#8221;.<\/p>\n\n\n\n<p>A UBS Planalto conta tamb\u00e9m com a atua\u00e7\u00e3o de profissionais residentes em sa\u00fade da fam\u00edlia. A equipe \u00e9 respons\u00e1vel pelo atendimento de 4.643 pessoas, distribu\u00eddas entre 2.308 homens e 2.335 mulheres. Para 2025, a coordena\u00e7\u00e3o planeja ampliar a participa\u00e7\u00e3o nos grupos existentes, com foco nos grupos de hipertens\u00e3o, diabetes, gestantes e tabagismo, e tamb\u00e9m buscar novas formas de atendimento, como hor\u00e1rios estendidos para vacina\u00e7\u00e3o. A UBS Planalto fica localizada na Rua Chile, n \u00ba 753, no Bairro Planalto.<\/p>\n","protected":false},"excerpt":{"rendered":"<p>Dando sequ\u00eancia \u00e0s retrospectivas das Unidades B\u00e1sicas de Sa\u00fade da FUMSSAR, o Governo Municipal apresenta os dados de trabalho da<\/p>\n","protected":false},"author":6,"featured_media":12916,"comment_status":"closed","ping_status":"closed","sticky":false,"template":"","format":"standard","meta":{"footnotes":""},"categories":[4,8],"tags":[],"class_list":["post-12914","post","type-post","status-publish","format-standard","has-post-thumbnail","hentry","category-noticias","category-noticias-fumssar"],"aioseo_notices":[],"_links":{"self":[{"href":"https:\/\/prefeitura.santarosa.rs.gov.br\/index.php?rest_route=\/wp\/v2\/posts\/12914","targetHints":{"allow":["GET"]}}],"collection":[{"href":"https:\/\/prefeitura.santarosa.rs.gov.br\/index.php?rest_route=\/wp\/v2\/posts"}],"about":[{"href":"https:\/\/prefeitura.santarosa.rs.gov.br\/index.php?rest_route=\/wp\/v2\/types\/post"}],"author":[{"embeddable":true,"href":"https:\/\/prefeitura.santarosa.rs.gov.br\/index.php?rest_route=\/wp\/v2\/users\/6"}],"replies":[{"embeddable":true,"href":"https:\/\/prefeitura.santarosa.rs.gov.br\/index.php?rest_route=%2Fwp%2Fv2%2Fcomments&post=12914"}],"version-history":[{"count":1,"href":"https:\/\/prefeitura.santarosa.rs.gov.br\/index.php?rest_route=\/wp\/v2\/posts\/12914\/revisions"}],"predecessor-version":[{"id":12917,"href":"https:\/\/prefeitura.santarosa.rs.gov.br\/index.php?rest_route=\/wp\/v2\/posts\/12914\/revisions\/12917"}],"wp:featuredmedia":[{"embeddable":true,"href":"https:\/\/prefeitura.santarosa.rs.gov.br\/index.php?rest_route=\/wp\/v2\/media\/12916"}],"wp:attachment":[{"href":"https:\/\/prefeitura.santarosa.rs.gov.br\/index.php?rest_route=%2Fwp%2Fv2%2Fmedia&parent=12914"}],"wp:term":[{"taxonomy":"category","embeddable":true,"href":"https:\/\/prefeitura.santarosa.rs.gov.br\/index.php?rest_route=%2Fwp%2Fv2%2Fcategories&post=12914"},{"taxonomy":"post_tag","embeddable":true,"href":"https:\/\/prefeitura.santarosa.rs.gov.br\/index.php?rest_route=%2Fwp%2Fv2%2Ftags&post=12914"}],"curies":[{"name":"wp","href":"https:\/\/api.w.org\/{rel}","templated":true}]}}