{"id":12910,"date":"2025-02-21T09:25:26","date_gmt":"2025-02-21T12:25:26","guid":{"rendered":"https:\/\/prefeitura.santarosa.rs.gov.br\/?p=12910"},"modified":"2025-02-21T09:25:27","modified_gmt":"2025-02-21T12:25:27","slug":"mais-de-20-obras-concluidas-em-apenas-2-meses","status":"publish","type":"post","link":"https:\/\/prefeitura.santarosa.rs.gov.br\/?p=12910","title":{"rendered":"Mais de 20 obras conclu\u00eddas em apenas 2 meses"},"content":{"rendered":"\n<p><em>Um investimento superior a R$ 12,2 milh\u00f5es em infraestrutura<\/em><\/p>\n\n\n\n<figure class=\"wp-block-image size-full\"><img fetchpriority=\"high\" decoding=\"async\" width=\"860\" height=\"645\" src=\"https:\/\/prefeitura.santarosa.rs.gov.br\/wp-content\/uploads\/2025\/02\/Formato-Site-e-Portal-860X645-JPG-2025-02-21T091852.518.jpg\" alt=\"\" class=\"wp-image-12911\" srcset=\"https:\/\/prefeitura.santarosa.rs.gov.br\/wp-content\/uploads\/2025\/02\/Formato-Site-e-Portal-860X645-JPG-2025-02-21T091852.518.jpg 860w, https:\/\/prefeitura.santarosa.rs.gov.br\/wp-content\/uploads\/2025\/02\/Formato-Site-e-Portal-860X645-JPG-2025-02-21T091852.518-300x225.jpg 300w, https:\/\/prefeitura.santarosa.rs.gov.br\/wp-content\/uploads\/2025\/02\/Formato-Site-e-Portal-860X645-JPG-2025-02-21T091852.518-768x576.jpg 768w\" sizes=\"(max-width: 860px) 100vw, 860px\" \/><\/figure>\n\n\n\n<p>Em um ritmo acelerado de melhorias, o Governo Municipal concluiu 24 obras de pavimenta\u00e7\u00e3o nos primeiros dois meses de 2025. As obras finalizadas em janeiro e fevereiro, correspondem a 7 km de infraestrutura e mais de R$ 12,2 milh\u00f5es em investimentos. As melhorias contemplaram diversos bairros da cidade e comunidades do interior de Santa Rosa.<\/p>\n\n\n\n<p>Das 24 obras executadas, 18 foram de asfalto (4,5 km de asfalto &#8211; R$ 9,6 milh\u00f5es) e 06 de cal\u00e7amento (2,5 km -R$ 2,6 milh\u00f5es). O Prefeito Anderson Mantei destacou o grande avan\u00e7o que vem acontecendo no munic\u00edpio, ressaltando o impacto positivo na mobilidade urbana e na qualidade de vida dos cidad\u00e3os, \u201cEstamos comprometidos em transformar Santa Rosa, com investimentos em infraestrutura que conectam e valorizam todos os bairros e comunidades. Cada obra conclu\u00edda representa mais um passo rumo ao desenvolvimento e para tornamos Santa Rosa, uma cidade cada vez melhor para se viver\u201d.<\/p>\n\n\n\n<p>Al\u00e9m das obras j\u00e1 entregues, o munic\u00edpio segue com 22 projetos em andamento. Entre eles, est\u00e3o servi\u00e7os de drenagem, instala\u00e7\u00e3o de meio-fio e sarjetas, e pavimenta\u00e7\u00e3o asf\u00e1ltica. O munic\u00edpio tamb\u00e9m avan\u00e7a com 7 importantes obras civis, como a revitaliza\u00e7\u00e3o de espa\u00e7os p\u00fablicos e moradias populares.<\/p>\n\n\n\n<p>Confira as obras conclu\u00eddas de cal\u00e7amento:<\/p>\n\n\n\n<ul class=\"wp-block-list\">\n<li>Lajeado Bonito (trecho 2) &#8211; Interior<\/li>\n\n\n\n<li>Lajeado Tigre &#8211; Interior<\/li>\n\n\n\n<li>Distrito Industrial III (ruas internas) &#8211; Industrial<\/li>\n\n\n\n<li>Bela Uni\u00e3o (Acesso ao Lajeado Capim) &#8211; Interior<\/li>\n\n\n\n<li>Trav. Aracaju (Rua F\u00e9rrea) &#8211; Cruzeiro<\/li>\n\n\n\n<li>Rua Jo\u00e3o Jos\u00e9 Eich &#8211; Guia Lopes<\/li>\n<\/ul>\n\n\n\n<p>Obras de asfalto finalizadas:<\/p>\n\n\n\n<ul class=\"wp-block-list\">\n<li>Lajeado Faxinal &#8211; Interior<\/li>\n\n\n\n<li>Prolongamento da Rua Jorge Kunde (entre a Av. Am\u00e9rica at\u00e9 Av. Perimetral) &#8211; Central<\/li>\n\n\n\n<li>Rua Tr\u00eas de Outubro (Av. Pedro Schertz &#8211; R. dos Pinhais) &#8211; Cruzeiro<\/li>\n\n\n\n<li>Rua Guanabara &#8211; Planalto<\/li>\n\n\n\n<li>Tv. Medeiros &#8211; Sulina<\/li>\n\n\n\n<li>Rua Caminho Leste &#8211; Sulina<\/li>\n\n\n\n<li>Rua Tupanciret\u00e1 &#8211; Sulina<\/li>\n\n\n\n<li>Rua dos Coqueiros &#8211; Planalto<\/li>\n\n\n\n<li>Rua Uruguai (trecho Norte) &#8211; Central<\/li>\n\n\n\n<li>Rua Germano Mayer (trecho 2) &#8211; Centro<\/li>\n\n\n\n<li>Rua Independ\u00eancia &#8211; Central<\/li>\n\n\n\n<li>Rua V\u00eanus &#8211; Gl\u00f3ria<\/li>\n\n\n\n<li>Rua Columbia &#8211; Gl\u00f3ria<\/li>\n\n\n\n<li>Rua Francisco Dani &#8211; S\u00e3o Francisco<\/li>\n\n\n\n<li>Rua Sete de Setembro &#8211; Gl\u00f3ria<\/li>\n\n\n\n<li>Rua Pirap\u00f3 &#8211; Timba\u00fava<\/li>\n\n\n\n<li>Rua Prenda &#8211; Timba\u00fava<\/li>\n\n\n\n<li>Av. Perimetral &#8211; Timba\u00fava<\/li>\n<\/ul>\n\n\n\n<p>Obras em andamento:<\/p>\n\n\n\n<ul class=\"wp-block-list\">\n<li>Avenida Augusto Pestana<\/li>\n\n\n\n<li>Rua Tr\u00eas de Outubro<\/li>\n\n\n\n<li>Rua S\u00e3o Jos\u00e9<\/li>\n\n\n\n<li>Rua 10 de Novembro<\/li>\n\n\n\n<li>Rua Timb\u00f3<\/li>\n\n\n\n<li>Rua Bento Gon\u00e7alves<\/li>\n\n\n\n<li>Rua Esp\u00edrito Santo<\/li>\n\n\n\n<li>Rua Jo\u00e3o Straub<\/li>\n\n\n\n<li>Rua Castro Alves<\/li>\n\n\n\n<li>Localidade Sete Sul<\/li>\n\n\n\n<li>Localidade Linha das Flores<\/li>\n<\/ul>\n\n\n\n<p>11 novas obras: 17\/02<\/p>\n\n\n\n<ul class=\"wp-block-list\">\n<li>Rua Arist\u00f3teles Capaverde<\/li>\n\n\n\n<li>Rua das G\u00e9rberas<\/li>\n\n\n\n<li>Rua das Violetas<\/li>\n\n\n\n<li>Rua Santa Maria<\/li>\n\n\n\n<li>Rua Sarandi<\/li>\n\n\n\n<li>Rua S\u00e3o Gabriel<\/li>\n\n\n\n<li>Travessa Uruguaiana &#8211; Lado Oeste<\/li>\n\n\n\n<li>Rua Ant\u00f4nio Piekala<\/li>\n\n\n\n<li>Rua Castro Alves &#8211; Trecho 2<\/li>\n\n\n\n<li>Rua Soldado Ildo Luiz Eli<\/li>\n\n\n\n<li>Linha Mirim<\/li>\n<\/ul>\n","protected":false},"excerpt":{"rendered":"<p>Um investimento superior a R$ 12,2 milh\u00f5es em infraestrutura Em um ritmo acelerado de melhorias, o Governo Municipal concluiu 24<\/p>\n","protected":false},"author":6,"featured_media":12912,"comment_status":"closed","ping_status":"open","sticky":false,"template":"","format":"standard","meta":{"footnotes":""},"categories":[4,22],"tags":[],"class_list":["post-12910","post","type-post","status-publish","format-standard","has-post-thumbnail","hentry","category-noticias","category-secretaria-municipal-de-planejamento-e-habitacao"],"aioseo_notices":[],"_links":{"self":[{"href":"https:\/\/prefeitura.santarosa.rs.gov.br\/index.php?rest_route=\/wp\/v2\/posts\/12910","targetHints":{"allow":["GET"]}}],"collection":[{"href":"https:\/\/prefeitura.santarosa.rs.gov.br\/index.php?rest_route=\/wp\/v2\/posts"}],"about":[{"href":"https:\/\/prefeitura.santarosa.rs.gov.br\/index.php?rest_route=\/wp\/v2\/types\/post"}],"author":[{"embeddable":true,"href":"https:\/\/prefeitura.santarosa.rs.gov.br\/index.php?rest_route=\/wp\/v2\/users\/6"}],"replies":[{"embeddable":true,"href":"https:\/\/prefeitura.santarosa.rs.gov.br\/index.php?rest_route=%2Fwp%2Fv2%2Fcomments&post=12910"}],"version-history":[{"count":1,"href":"https:\/\/prefeitura.santarosa.rs.gov.br\/index.php?rest_route=\/wp\/v2\/posts\/12910\/revisions"}],"predecessor-version":[{"id":12913,"href":"https:\/\/prefeitura.santarosa.rs.gov.br\/index.php?rest_route=\/wp\/v2\/posts\/12910\/revisions\/12913"}],"wp:featuredmedia":[{"embeddable":true,"href":"https:\/\/prefeitura.santarosa.rs.gov.br\/index.php?rest_route=\/wp\/v2\/media\/12912"}],"wp:attachment":[{"href":"https:\/\/prefeitura.santarosa.rs.gov.br\/index.php?rest_route=%2Fwp%2Fv2%2Fmedia&parent=12910"}],"wp:term":[{"taxonomy":"category","embeddable":true,"href":"https:\/\/prefeitura.santarosa.rs.gov.br\/index.php?rest_route=%2Fwp%2Fv2%2Fcategories&post=12910"},{"taxonomy":"post_tag","embeddable":true,"href":"https:\/\/prefeitura.santarosa.rs.gov.br\/index.php?rest_route=%2Fwp%2Fv2%2Ftags&post=12910"}],"curies":[{"name":"wp","href":"https:\/\/api.w.org\/{rel}","templated":true}]}}