{"id":12905,"date":"2025-02-20T14:04:56","date_gmt":"2025-02-20T17:04:56","guid":{"rendered":"https:\/\/prefeitura.santarosa.rs.gov.br\/?p=12905"},"modified":"2025-02-20T14:04:57","modified_gmt":"2025-02-20T17:04:57","slug":"retrospectivas-2024-escolas-municipais-emei-mae-operaria","status":"publish","type":"post","link":"https:\/\/prefeitura.santarosa.rs.gov.br\/?p=12905","title":{"rendered":"Retrospectivas 2024 Escolas Municipais: EMEI M\u00e3e Oper\u00e1ria"},"content":{"rendered":"\n<figure class=\"wp-block-image size-full\"><img fetchpriority=\"high\" decoding=\"async\" width=\"860\" height=\"645\" src=\"https:\/\/prefeitura.santarosa.rs.gov.br\/wp-content\/uploads\/2025\/02\/Formato-Site-e-Portal-860X645-JPG-2025-02-20T135703.584.jpg\" alt=\"\" class=\"wp-image-12906\" srcset=\"https:\/\/prefeitura.santarosa.rs.gov.br\/wp-content\/uploads\/2025\/02\/Formato-Site-e-Portal-860X645-JPG-2025-02-20T135703.584.jpg 860w, https:\/\/prefeitura.santarosa.rs.gov.br\/wp-content\/uploads\/2025\/02\/Formato-Site-e-Portal-860X645-JPG-2025-02-20T135703.584-300x225.jpg 300w, https:\/\/prefeitura.santarosa.rs.gov.br\/wp-content\/uploads\/2025\/02\/Formato-Site-e-Portal-860X645-JPG-2025-02-20T135703.584-768x576.jpg 768w\" sizes=\"(max-width: 860px) 100vw, 860px\" \/><\/figure>\n\n\n\n<p>A Escola Municipal de Educa\u00e7\u00e3o Infantil M\u00e3e Oper\u00e1ria completou 39 anos de hist\u00f3ria em maio de 2024. Atualmente, a EMEI atende 99 alunos (42 meninas e 57 meninos), de 0 a 3 anos, distribu\u00eddos em cinco turmas de ber\u00e7\u00e1rio e maternal. Durante o ano, a equipe que atua na EMEI realizou diversos eventos e atividades culturais, promovendo a integra\u00e7\u00e3o da comunidade escolar e valorizando as datas comemorativas.<\/p>\n\n\n\n<p>Entre as principais a\u00e7\u00f5es, foram destaque o 5\u00ba Brincando no Parque, o Caf\u00e9 de Dia das M\u00e3es, o Galeto de Dia do Ga\u00facho, a Festa de S\u00e3o Jo\u00e3o, a Festa do Dia da Fam\u00edlia e as apresenta\u00e7\u00f5es de Natal. Al\u00e9m disso, a escola recebeu o apoio do Sicredi, que colaborou com a doa\u00e7\u00e3o de grades para o parquinho. A diretora F\u00e1tima Tatiane Weber de Mello agradeceu o empenho da equipe e a parceria das fam\u00edlias, &#8220;O trabalho em equipe transforma desafios em conquistas. A uni\u00e3o de muitos em torno de um objetivo comum \u00e9 o que nos faz avan\u00e7ar. Agrade\u00e7o todos pelo empenho e pelo carinho dedicados ao longo deste ano que passou&#8221;.<\/p>\n\n\n\n<p>Para 2025, a dire\u00e7\u00e3o prev\u00ea a continuidade dos projetos desenvolvidos, incluindo a realiza\u00e7\u00e3o dos eventos j\u00e1 tradicionais e um novo projeto com o Sicredi para a constru\u00e7\u00e3o de uma \u00e1rea coberta no parquinho e reforma com novos brinquedos. A EMEI M\u00e3e Oper\u00e1ria fica localizada na Rua S\u00e3o Gabriel, n\u00ba 160, no bairro Sulina.<\/p>\n","protected":false},"excerpt":{"rendered":"<p>A Escola Municipal de Educa\u00e7\u00e3o Infantil M\u00e3e Oper\u00e1ria completou 39 anos de hist\u00f3ria em maio de 2024. Atualmente, a EMEI<\/p>\n","protected":false},"author":6,"featured_media":12907,"comment_status":"closed","ping_status":"closed","sticky":false,"template":"","format":"standard","meta":{"footnotes":""},"categories":[4,18],"tags":[],"class_list":["post-12905","post","type-post","status-publish","format-standard","has-post-thumbnail","hentry","category-noticias","category-secretaria-municipal-de-educacao-e-cultura"],"aioseo_notices":[],"_links":{"self":[{"href":"https:\/\/prefeitura.santarosa.rs.gov.br\/index.php?rest_route=\/wp\/v2\/posts\/12905","targetHints":{"allow":["GET"]}}],"collection":[{"href":"https:\/\/prefeitura.santarosa.rs.gov.br\/index.php?rest_route=\/wp\/v2\/posts"}],"about":[{"href":"https:\/\/prefeitura.santarosa.rs.gov.br\/index.php?rest_route=\/wp\/v2\/types\/post"}],"author":[{"embeddable":true,"href":"https:\/\/prefeitura.santarosa.rs.gov.br\/index.php?rest_route=\/wp\/v2\/users\/6"}],"replies":[{"embeddable":true,"href":"https:\/\/prefeitura.santarosa.rs.gov.br\/index.php?rest_route=%2Fwp%2Fv2%2Fcomments&post=12905"}],"version-history":[{"count":1,"href":"https:\/\/prefeitura.santarosa.rs.gov.br\/index.php?rest_route=\/wp\/v2\/posts\/12905\/revisions"}],"predecessor-version":[{"id":12908,"href":"https:\/\/prefeitura.santarosa.rs.gov.br\/index.php?rest_route=\/wp\/v2\/posts\/12905\/revisions\/12908"}],"wp:featuredmedia":[{"embeddable":true,"href":"https:\/\/prefeitura.santarosa.rs.gov.br\/index.php?rest_route=\/wp\/v2\/media\/12907"}],"wp:attachment":[{"href":"https:\/\/prefeitura.santarosa.rs.gov.br\/index.php?rest_route=%2Fwp%2Fv2%2Fmedia&parent=12905"}],"wp:term":[{"taxonomy":"category","embeddable":true,"href":"https:\/\/prefeitura.santarosa.rs.gov.br\/index.php?rest_route=%2Fwp%2Fv2%2Fcategories&post=12905"},{"taxonomy":"post_tag","embeddable":true,"href":"https:\/\/prefeitura.santarosa.rs.gov.br\/index.php?rest_route=%2Fwp%2Fv2%2Ftags&post=12905"}],"curies":[{"name":"wp","href":"https:\/\/api.w.org\/{rel}","templated":true}]}}