{"id":12897,"date":"2025-02-20T09:52:32","date_gmt":"2025-02-20T12:52:32","guid":{"rendered":"https:\/\/prefeitura.santarosa.rs.gov.br\/?p=12897"},"modified":"2025-02-20T09:52:33","modified_gmt":"2025-02-20T12:52:33","slug":"atleta-de-santa-rosa-e-convocada-para-o-mundial-de-jogos-escolares-na-servia","status":"publish","type":"post","link":"https:\/\/prefeitura.santarosa.rs.gov.br\/?p=12897","title":{"rendered":"Atleta de Santa Rosa \u00e9 convocada para o Mundial de Jogos Escolares na S\u00e9rvia"},"content":{"rendered":"\n<figure class=\"wp-block-image size-full\"><img fetchpriority=\"high\" decoding=\"async\" width=\"860\" height=\"645\" src=\"https:\/\/prefeitura.santarosa.rs.gov.br\/wp-content\/uploads\/2025\/02\/Formato-Site-e-Portal-860X645-JPG-2025-02-20T095137.955.jpg\" alt=\"\" class=\"wp-image-12898\" srcset=\"https:\/\/prefeitura.santarosa.rs.gov.br\/wp-content\/uploads\/2025\/02\/Formato-Site-e-Portal-860X645-JPG-2025-02-20T095137.955.jpg 860w, https:\/\/prefeitura.santarosa.rs.gov.br\/wp-content\/uploads\/2025\/02\/Formato-Site-e-Portal-860X645-JPG-2025-02-20T095137.955-300x225.jpg 300w, https:\/\/prefeitura.santarosa.rs.gov.br\/wp-content\/uploads\/2025\/02\/Formato-Site-e-Portal-860X645-JPG-2025-02-20T095137.955-768x576.jpg 768w\" sizes=\"(max-width: 860px) 100vw, 860px\" \/><\/figure>\n\n\n\n<p>Uma jovem santa-rosense tem se destacado no atletismo por seu talento e dedica\u00e7\u00e3o no esporte. A atleta Emanueli Maiara Hein vem alcan\u00e7ando excelentes resultados em competi\u00e7\u00f5es de alto n\u00edvel. Neste m\u00eas, a atleta foi convocada pela Confedera\u00e7\u00e3o Brasileira do Desporto Escolar (CBDE) para representar o Brasil na S\u00e9rvia, no Mundial de Jogos Escolares (Gymnasiade 2025). A competi\u00e7\u00e3o acontecer\u00e1 de 04 a 14 de abril, na cidade de Zlatibor.<\/p>\n\n\n\n<p>Emanueli foi aluna da Rede Municipal de Ensino de Santa Rosa, matriculada na EMEF Giordani at\u00e9 o ano passado, onde concluiu o ensino fundamental. Atualmente, est\u00e1 no 1\u00ba ano do ensino m\u00e9dio no Col\u00e9gio Salesiano Dom Bosco. Ela tem sido acompanhada pelo professor e treinador F\u00e1bio de Moura. O Secret\u00e1rio de Esporte, Cauh\u00e3 Pereira, parabenizou a atleta pela convoca\u00e7\u00e3o e desejou sucesso na competi\u00e7\u00e3o, &#8220;\u00c9 uma grande honra para nossa cidade ter uma atleta como Emanueli representando o Brasil no cen\u00e1rio internacional. Estamos confiantes de que ela trar\u00e1 ainda mais conquistas para Santa Rosa&#8221;.<\/p>\n\n\n\n<p>A trajet\u00f3ria de Emanueli no atletismo come\u00e7ou em 2022. A atleta, que completa 15 anos no pr\u00f3ximo s\u00e1bado (22), foi campe\u00e3 brasileira escolar em 2024 nos 2.000 metros e vice-campe\u00e3 nos 800 metros. No Rio Grande do Sul, \u00e9 multicampe\u00e3 em todas as provas disputadas no ano passado.<\/p>\n","protected":false},"excerpt":{"rendered":"<p>Uma jovem santa-rosense tem se destacado no atletismo por seu talento e dedica\u00e7\u00e3o no esporte. A atleta Emanueli Maiara Hein<\/p>\n","protected":false},"author":6,"featured_media":12899,"comment_status":"closed","ping_status":"closed","sticky":false,"template":"","format":"standard","meta":{"footnotes":""},"categories":[4,19],"tags":[],"class_list":["post-12897","post","type-post","status-publish","format-standard","has-post-thumbnail","hentry","category-noticias","category-secretaria-municipal-de-esporte"],"aioseo_notices":[],"_links":{"self":[{"href":"https:\/\/prefeitura.santarosa.rs.gov.br\/index.php?rest_route=\/wp\/v2\/posts\/12897","targetHints":{"allow":["GET"]}}],"collection":[{"href":"https:\/\/prefeitura.santarosa.rs.gov.br\/index.php?rest_route=\/wp\/v2\/posts"}],"about":[{"href":"https:\/\/prefeitura.santarosa.rs.gov.br\/index.php?rest_route=\/wp\/v2\/types\/post"}],"author":[{"embeddable":true,"href":"https:\/\/prefeitura.santarosa.rs.gov.br\/index.php?rest_route=\/wp\/v2\/users\/6"}],"replies":[{"embeddable":true,"href":"https:\/\/prefeitura.santarosa.rs.gov.br\/index.php?rest_route=%2Fwp%2Fv2%2Fcomments&post=12897"}],"version-history":[{"count":1,"href":"https:\/\/prefeitura.santarosa.rs.gov.br\/index.php?rest_route=\/wp\/v2\/posts\/12897\/revisions"}],"predecessor-version":[{"id":12900,"href":"https:\/\/prefeitura.santarosa.rs.gov.br\/index.php?rest_route=\/wp\/v2\/posts\/12897\/revisions\/12900"}],"wp:featuredmedia":[{"embeddable":true,"href":"https:\/\/prefeitura.santarosa.rs.gov.br\/index.php?rest_route=\/wp\/v2\/media\/12899"}],"wp:attachment":[{"href":"https:\/\/prefeitura.santarosa.rs.gov.br\/index.php?rest_route=%2Fwp%2Fv2%2Fmedia&parent=12897"}],"wp:term":[{"taxonomy":"category","embeddable":true,"href":"https:\/\/prefeitura.santarosa.rs.gov.br\/index.php?rest_route=%2Fwp%2Fv2%2Fcategories&post=12897"},{"taxonomy":"post_tag","embeddable":true,"href":"https:\/\/prefeitura.santarosa.rs.gov.br\/index.php?rest_route=%2Fwp%2Fv2%2Ftags&post=12897"}],"curies":[{"name":"wp","href":"https:\/\/api.w.org\/{rel}","templated":true}]}}