{"id":1289,"date":"2021-07-02T11:16:00","date_gmt":"2021-07-02T14:16:00","guid":{"rendered":"https:\/\/prefeitura.santarosa.rs.gov.br\/?p=1289"},"modified":"2024-10-07T09:55:01","modified_gmt":"2024-10-07T12:55:01","slug":"fumssar-recebe-homenagem-dos-vereadores","status":"publish","type":"post","link":"https:\/\/prefeitura.santarosa.rs.gov.br\/?p=1289","title":{"rendered":"FUMSSAR recebe homenagem dos vereadores"},"content":{"rendered":"\n<p>A mo\u00e7\u00e3o foi entregue simbolicamente para alguns representantes das categorias.<\/p>\n\n\n\n<p>A C\u00e2mara Municipal de Vereadores de Santa Rosa entregou quinta-feira(01), uma Mo\u00e7\u00e3o de Congratula\u00e7\u00f5es \u00e0 Funda\u00e7\u00e3o Municipal de Sa\u00fade de Santa Rosa. A homenagem foi para os profissionais Enfermeiros, T\u00e9cnicos e Auxiliares de Enfermagem pelo Dia Internacional da Enfermagem, comemorado no dia 12 de maio. A homenagem tamb\u00e9m fez refer\u00eancia pelo Dia Nacional do T\u00e9cnico e Auxiliar de Enfermagem, comemorado em 20 de maio. A mo\u00e7\u00e3o foi entregue simbolicamente para alguns representantes das categorias. Os vereadores agradeceram os profissionais por sua dedica\u00e7\u00e3o e reafirmaram a import\u00e2ncia do trabalho realizado, especialmente no enfrentamento ao COVID-19.<\/p>\n","protected":false},"excerpt":{"rendered":"<p>A mo\u00e7\u00e3o foi entregue simbolicamente para alguns representantes das categorias. A C\u00e2mara Municipal de Vereadores de Santa Rosa entregou quinta-feira(01),<\/p>\n","protected":false},"author":3,"featured_media":1290,"comment_status":"open","ping_status":"open","sticky":false,"template":"","format":"standard","meta":{"footnotes":""},"categories":[4,8],"tags":[],"class_list":["post-1289","post","type-post","status-publish","format-standard","has-post-thumbnail","hentry","category-noticias","category-noticias-fumssar"],"aioseo_notices":[],"_links":{"self":[{"href":"https:\/\/prefeitura.santarosa.rs.gov.br\/index.php?rest_route=\/wp\/v2\/posts\/1289","targetHints":{"allow":["GET"]}}],"collection":[{"href":"https:\/\/prefeitura.santarosa.rs.gov.br\/index.php?rest_route=\/wp\/v2\/posts"}],"about":[{"href":"https:\/\/prefeitura.santarosa.rs.gov.br\/index.php?rest_route=\/wp\/v2\/types\/post"}],"author":[{"embeddable":true,"href":"https:\/\/prefeitura.santarosa.rs.gov.br\/index.php?rest_route=\/wp\/v2\/users\/3"}],"replies":[{"embeddable":true,"href":"https:\/\/prefeitura.santarosa.rs.gov.br\/index.php?rest_route=%2Fwp%2Fv2%2Fcomments&post=1289"}],"version-history":[{"count":1,"href":"https:\/\/prefeitura.santarosa.rs.gov.br\/index.php?rest_route=\/wp\/v2\/posts\/1289\/revisions"}],"predecessor-version":[{"id":1291,"href":"https:\/\/prefeitura.santarosa.rs.gov.br\/index.php?rest_route=\/wp\/v2\/posts\/1289\/revisions\/1291"}],"wp:featuredmedia":[{"embeddable":true,"href":"https:\/\/prefeitura.santarosa.rs.gov.br\/index.php?rest_route=\/wp\/v2\/media\/1290"}],"wp:attachment":[{"href":"https:\/\/prefeitura.santarosa.rs.gov.br\/index.php?rest_route=%2Fwp%2Fv2%2Fmedia&parent=1289"}],"wp:term":[{"taxonomy":"category","embeddable":true,"href":"https:\/\/prefeitura.santarosa.rs.gov.br\/index.php?rest_route=%2Fwp%2Fv2%2Fcategories&post=1289"},{"taxonomy":"post_tag","embeddable":true,"href":"https:\/\/prefeitura.santarosa.rs.gov.br\/index.php?rest_route=%2Fwp%2Fv2%2Ftags&post=1289"}],"curies":[{"name":"wp","href":"https:\/\/api.w.org\/{rel}","templated":true}]}}