{"id":12881,"date":"2025-02-19T14:27:15","date_gmt":"2025-02-19T17:27:15","guid":{"rendered":"https:\/\/prefeitura.santarosa.rs.gov.br\/?p=12881"},"modified":"2025-02-19T14:27:16","modified_gmt":"2025-02-19T17:27:16","slug":"prefeitura-de-santa-rosa-decreta-emergencia-devido-a-estiagem","status":"publish","type":"post","link":"https:\/\/prefeitura.santarosa.rs.gov.br\/?p=12881","title":{"rendered":"Prefeitura de Santa Rosa decreta emerg\u00eancia devido \u00e0 estiagem"},"content":{"rendered":"\n<figure class=\"wp-block-image size-full\"><img fetchpriority=\"high\" decoding=\"async\" width=\"860\" height=\"645\" src=\"https:\/\/prefeitura.santarosa.rs.gov.br\/wp-content\/uploads\/2025\/02\/Formato-Site-e-Portal-860X645-JPG-2025-02-19T142234.658-1.jpg\" alt=\"\" class=\"wp-image-12882\" srcset=\"https:\/\/prefeitura.santarosa.rs.gov.br\/wp-content\/uploads\/2025\/02\/Formato-Site-e-Portal-860X645-JPG-2025-02-19T142234.658-1.jpg 860w, https:\/\/prefeitura.santarosa.rs.gov.br\/wp-content\/uploads\/2025\/02\/Formato-Site-e-Portal-860X645-JPG-2025-02-19T142234.658-1-300x225.jpg 300w, https:\/\/prefeitura.santarosa.rs.gov.br\/wp-content\/uploads\/2025\/02\/Formato-Site-e-Portal-860X645-JPG-2025-02-19T142234.658-1-768x576.jpg 768w\" sizes=\"(max-width: 860px) 100vw, 860px\" \/><\/figure>\n\n\n\n<p>Santa Rosa entrou em situa\u00e7\u00e3o de emerg\u00eancia nesta semana, devido \u00e0 estiagem, conforme o decreto n\u00ba 29, de 17 de fevereiro de 2025, assinado pelo prefeito Anderson Mantei. A decis\u00e3o foi tomada ap\u00f3s v\u00e1rios dados coletados que comprovaram danos e perdas significativas no munic\u00edpio, principalmente, nas comunidades do interior.<\/p>\n\n\n\n<p>De acordo com um levantamento da Emater, os preju\u00edzos na agricultura e pecu\u00e1ria ultrapassaram R$ 82 milh\u00f5es, com quebra de produtividade superior a 50%. At\u00e9 o momento, a Secretaria de Agricultura j\u00e1 encaminhou 9 caminh\u00f5es-pipa para o reabastecimento de \u00e1gua de 12 fam\u00edlias, nas localidades da Esquina Central, Lajeado Ip\u00ea e Rinc\u00e3o Hon\u00f3rio.<\/p>\n\n\n\n<p>Com o decreto, Santa Rosa e outros 12 munic\u00edpios da regi\u00e3o da Amufron est\u00e3o em situa\u00e7\u00e3o de emerg\u00eancia devido \u00e0 seca.<\/p>\n\n\n\n<div data-wp-interactive=\"core\/file\" class=\"wp-block-file\"><object data-wp-bind--hidden=\"!state.hasPdfPreview\" hidden class=\"wp-block-file__embed\" data=\"https:\/\/prefeitura.santarosa.rs.gov.br\/wp-content\/uploads\/2025\/02\/DEC.-29-Decreta-Emergencia-Estiagem-PA-15756-2025-1.pdf\" type=\"application\/pdf\" style=\"width:100%;height:600px\" aria-label=\"Incorporado de DEC. 29 - Decreta Emerg\u00eancia-Estiagem-PA 15756-2025 (1).\"><\/object><a id=\"wp-block-file--media-ac56f2af-f560-4ba9-9b5a-b082a9a0135d\" href=\"https:\/\/prefeitura.santarosa.rs.gov.br\/wp-content\/uploads\/2025\/02\/DEC.-29-Decreta-Emergencia-Estiagem-PA-15756-2025-1.pdf\">DEC. 29 &#8211; Decreta Emerg\u00eancia-Estiagem-PA 15756-2025 (1)<\/a><a href=\"https:\/\/prefeitura.santarosa.rs.gov.br\/wp-content\/uploads\/2025\/02\/DEC.-29-Decreta-Emergencia-Estiagem-PA-15756-2025-1.pdf\" class=\"wp-block-file__button wp-element-button\" download aria-describedby=\"wp-block-file--media-ac56f2af-f560-4ba9-9b5a-b082a9a0135d\">Baixar<\/a><\/div>\n","protected":false},"excerpt":{"rendered":"<p>Santa Rosa entrou em situa\u00e7\u00e3o de emerg\u00eancia nesta semana, devido \u00e0 estiagem, conforme o decreto n\u00ba 29, de 17 de<\/p>\n","protected":false},"author":6,"featured_media":12883,"comment_status":"closed","ping_status":"closed","sticky":false,"template":"","format":"standard","meta":{"footnotes":""},"categories":[4,14],"tags":[],"class_list":["post-12881","post","type-post","status-publish","format-standard","has-post-thumbnail","hentry","category-noticias","category-secretaria-municipal-de-agricultura"],"aioseo_notices":[],"_links":{"self":[{"href":"https:\/\/prefeitura.santarosa.rs.gov.br\/index.php?rest_route=\/wp\/v2\/posts\/12881","targetHints":{"allow":["GET"]}}],"collection":[{"href":"https:\/\/prefeitura.santarosa.rs.gov.br\/index.php?rest_route=\/wp\/v2\/posts"}],"about":[{"href":"https:\/\/prefeitura.santarosa.rs.gov.br\/index.php?rest_route=\/wp\/v2\/types\/post"}],"author":[{"embeddable":true,"href":"https:\/\/prefeitura.santarosa.rs.gov.br\/index.php?rest_route=\/wp\/v2\/users\/6"}],"replies":[{"embeddable":true,"href":"https:\/\/prefeitura.santarosa.rs.gov.br\/index.php?rest_route=%2Fwp%2Fv2%2Fcomments&post=12881"}],"version-history":[{"count":1,"href":"https:\/\/prefeitura.santarosa.rs.gov.br\/index.php?rest_route=\/wp\/v2\/posts\/12881\/revisions"}],"predecessor-version":[{"id":12885,"href":"https:\/\/prefeitura.santarosa.rs.gov.br\/index.php?rest_route=\/wp\/v2\/posts\/12881\/revisions\/12885"}],"wp:featuredmedia":[{"embeddable":true,"href":"https:\/\/prefeitura.santarosa.rs.gov.br\/index.php?rest_route=\/wp\/v2\/media\/12883"}],"wp:attachment":[{"href":"https:\/\/prefeitura.santarosa.rs.gov.br\/index.php?rest_route=%2Fwp%2Fv2%2Fmedia&parent=12881"}],"wp:term":[{"taxonomy":"category","embeddable":true,"href":"https:\/\/prefeitura.santarosa.rs.gov.br\/index.php?rest_route=%2Fwp%2Fv2%2Fcategories&post=12881"},{"taxonomy":"post_tag","embeddable":true,"href":"https:\/\/prefeitura.santarosa.rs.gov.br\/index.php?rest_route=%2Fwp%2Fv2%2Ftags&post=12881"}],"curies":[{"name":"wp","href":"https:\/\/api.w.org\/{rel}","templated":true}]}}