{"id":12872,"date":"2025-02-19T11:26:47","date_gmt":"2025-02-19T14:26:47","guid":{"rendered":"https:\/\/prefeitura.santarosa.rs.gov.br\/?p=12872"},"modified":"2025-02-19T13:56:56","modified_gmt":"2025-02-19T16:56:56","slug":"concluidas-obras-estruturantes-no-bairro-timbauva","status":"publish","type":"post","link":"https:\/\/prefeitura.santarosa.rs.gov.br\/?p=12872","title":{"rendered":"Conclu\u00eddas obras estruturantes no bairro Timba\u00fava"},"content":{"rendered":"\n<figure class=\"wp-block-image size-full\"><img fetchpriority=\"high\" decoding=\"async\" width=\"860\" height=\"645\" src=\"https:\/\/prefeitura.santarosa.rs.gov.br\/wp-content\/uploads\/2025\/02\/Formato-Site-e-Portal-860X645-JPG-2025-02-19T112529.809.jpg\" alt=\"\" class=\"wp-image-12873\" srcset=\"https:\/\/prefeitura.santarosa.rs.gov.br\/wp-content\/uploads\/2025\/02\/Formato-Site-e-Portal-860X645-JPG-2025-02-19T112529.809.jpg 860w, https:\/\/prefeitura.santarosa.rs.gov.br\/wp-content\/uploads\/2025\/02\/Formato-Site-e-Portal-860X645-JPG-2025-02-19T112529.809-300x225.jpg 300w, https:\/\/prefeitura.santarosa.rs.gov.br\/wp-content\/uploads\/2025\/02\/Formato-Site-e-Portal-860X645-JPG-2025-02-19T112529.809-768x576.jpg 768w\" sizes=\"(max-width: 860px) 100vw, 860px\" \/><\/figure>\n\n\n\n<p>Uma grande obra foi conclu\u00edda no bairro Timba\u00fava. Tr\u00eas ruas foram contempladas com pavimenta\u00e7\u00e3o asf\u00e1ltica e drenagem. Com um investimento superior a R$ 2,2 milh\u00f5es, as melhorias abrangem a Avenida Perimetral, a Rua Pirap\u00f3 e a Rua Prenda, importantes vias que possuem um grande fluxo diariamente. Essa \u00e9 a conhecida \u201cRota da Soja\u201d, por se tratar de ruas onde passam muitos caminh\u00f5es carregados com cargas de gr\u00e3os e sementes. As vias foram preparadas para ter durabilidade e suportar esse tipo de ve\u00edculo. Al\u00e9m disso, a drenagem ir\u00e1 auxiliar no escoamento da chuva, j\u00e1 que essa regi\u00e3o enfrenta problemas com alagamentos.<\/p>\n\n\n\n<p>No momento, as equipes est\u00e3o trabalhando na sinaliza\u00e7\u00e3o dos locais. Essas obras estruturantes s\u00e3o um pedido antigo dos moradores. O prefeito Anderson Mantei, destacou os investimentos na regi\u00e3o, \u201cEstamos trabalhando para transformar Santa Rosa, trazendo melhorias concretas para nossa cidade. Essas obras no bairro Timba\u00fava s\u00e3o uma resposta \u00e0s necessidades dos moradores e um passo importante para garantir mais seguran\u00e7a e o bem-estar da popula\u00e7\u00e3o\u201d.<\/p>\n\n\n\n<p>Al\u00e9m do asfalto, o projeto contempla a constru\u00e7\u00e3o de sarjetas, o alargamento das vias e a instala\u00e7\u00e3o de sinaliza\u00e7\u00e3o horizontal e vertical. A \u00e1rea total beneficiada \u00e9 de 8.261,84 metros quadrados (936 metros). As obras foram realizadas nos seguintes trechos: na Avenida Perimetral, entre a Avenida Inhacor\u00e1 e a Rua Dr. Francisco Timm; na Rua Pirap\u00f3, entre a Rua Prenda e a Rua Dr. Francisco Timm; e na Rua Prenda, entre a Avenida Perimetral e a Rua Pirap\u00f3, conforme mapa em anexo.<\/p>\n\n\n\n<figure class=\"wp-block-image size-large\"><img decoding=\"async\" width=\"1024\" height=\"723\" src=\"https:\/\/prefeitura.santarosa.rs.gov.br\/wp-content\/uploads\/2025\/02\/WhatsApp-Image-2025-02-19-at-10.34.08-1024x723.jpeg\" alt=\"\" class=\"wp-image-12875\" srcset=\"https:\/\/prefeitura.santarosa.rs.gov.br\/wp-content\/uploads\/2025\/02\/WhatsApp-Image-2025-02-19-at-10.34.08-1024x723.jpeg 1024w, https:\/\/prefeitura.santarosa.rs.gov.br\/wp-content\/uploads\/2025\/02\/WhatsApp-Image-2025-02-19-at-10.34.08-300x212.jpeg 300w, https:\/\/prefeitura.santarosa.rs.gov.br\/wp-content\/uploads\/2025\/02\/WhatsApp-Image-2025-02-19-at-10.34.08-768x542.jpeg 768w, https:\/\/prefeitura.santarosa.rs.gov.br\/wp-content\/uploads\/2025\/02\/WhatsApp-Image-2025-02-19-at-10.34.08-1536x1085.jpeg 1536w, https:\/\/prefeitura.santarosa.rs.gov.br\/wp-content\/uploads\/2025\/02\/WhatsApp-Image-2025-02-19-at-10.34.08.jpeg 1600w\" sizes=\"(max-width: 1024px) 100vw, 1024px\" \/><\/figure>\n","protected":false},"excerpt":{"rendered":"<p>Uma grande obra foi conclu\u00edda no bairro Timba\u00fava. Tr\u00eas ruas foram contempladas com pavimenta\u00e7\u00e3o asf\u00e1ltica e drenagem. Com um investimento<\/p>\n","protected":false},"author":6,"featured_media":12874,"comment_status":"closed","ping_status":"closed","sticky":false,"template":"","format":"standard","meta":{"footnotes":""},"categories":[4,22],"tags":[],"class_list":["post-12872","post","type-post","status-publish","format-standard","has-post-thumbnail","hentry","category-noticias","category-secretaria-municipal-de-planejamento-e-habitacao"],"aioseo_notices":[],"_links":{"self":[{"href":"https:\/\/prefeitura.santarosa.rs.gov.br\/index.php?rest_route=\/wp\/v2\/posts\/12872","targetHints":{"allow":["GET"]}}],"collection":[{"href":"https:\/\/prefeitura.santarosa.rs.gov.br\/index.php?rest_route=\/wp\/v2\/posts"}],"about":[{"href":"https:\/\/prefeitura.santarosa.rs.gov.br\/index.php?rest_route=\/wp\/v2\/types\/post"}],"author":[{"embeddable":true,"href":"https:\/\/prefeitura.santarosa.rs.gov.br\/index.php?rest_route=\/wp\/v2\/users\/6"}],"replies":[{"embeddable":true,"href":"https:\/\/prefeitura.santarosa.rs.gov.br\/index.php?rest_route=%2Fwp%2Fv2%2Fcomments&post=12872"}],"version-history":[{"count":1,"href":"https:\/\/prefeitura.santarosa.rs.gov.br\/index.php?rest_route=\/wp\/v2\/posts\/12872\/revisions"}],"predecessor-version":[{"id":12876,"href":"https:\/\/prefeitura.santarosa.rs.gov.br\/index.php?rest_route=\/wp\/v2\/posts\/12872\/revisions\/12876"}],"wp:featuredmedia":[{"embeddable":true,"href":"https:\/\/prefeitura.santarosa.rs.gov.br\/index.php?rest_route=\/wp\/v2\/media\/12874"}],"wp:attachment":[{"href":"https:\/\/prefeitura.santarosa.rs.gov.br\/index.php?rest_route=%2Fwp%2Fv2%2Fmedia&parent=12872"}],"wp:term":[{"taxonomy":"category","embeddable":true,"href":"https:\/\/prefeitura.santarosa.rs.gov.br\/index.php?rest_route=%2Fwp%2Fv2%2Fcategories&post=12872"},{"taxonomy":"post_tag","embeddable":true,"href":"https:\/\/prefeitura.santarosa.rs.gov.br\/index.php?rest_route=%2Fwp%2Fv2%2Ftags&post=12872"}],"curies":[{"name":"wp","href":"https:\/\/api.w.org\/{rel}","templated":true}]}}