{"id":12847,"date":"2025-02-17T16:59:44","date_gmt":"2025-02-17T19:59:44","guid":{"rendered":"https:\/\/prefeitura.santarosa.rs.gov.br\/?p=12847"},"modified":"2025-02-17T17:00:38","modified_gmt":"2025-02-17T20:00:38","slug":"retrospectivas-2024-escolas-municipais-emei-bem-me-quer","status":"publish","type":"post","link":"https:\/\/prefeitura.santarosa.rs.gov.br\/?p=12847","title":{"rendered":"Retrospectivas 2024 Escolas Municipais: EMEI Bem-Me-Quer"},"content":{"rendered":"\n<figure class=\"wp-block-image size-full\"><img fetchpriority=\"high\" decoding=\"async\" width=\"860\" height=\"645\" src=\"https:\/\/prefeitura.santarosa.rs.gov.br\/wp-content\/uploads\/2025\/02\/Formato-Site-e-Portal-860X645-JPG-2025-02-17T165909.483.jpg\" alt=\"\" class=\"wp-image-12848\" srcset=\"https:\/\/prefeitura.santarosa.rs.gov.br\/wp-content\/uploads\/2025\/02\/Formato-Site-e-Portal-860X645-JPG-2025-02-17T165909.483.jpg 860w, https:\/\/prefeitura.santarosa.rs.gov.br\/wp-content\/uploads\/2025\/02\/Formato-Site-e-Portal-860X645-JPG-2025-02-17T165909.483-300x225.jpg 300w, https:\/\/prefeitura.santarosa.rs.gov.br\/wp-content\/uploads\/2025\/02\/Formato-Site-e-Portal-860X645-JPG-2025-02-17T165909.483-768x576.jpg 768w\" sizes=\"(max-width: 860px) 100vw, 860px\" \/><\/figure>\n\n\n\n<p>O Governo Municipal apresenta nesta segunda-feira (17), a retrospectiva da Escola Municipal de Educa\u00e7\u00e3o Infantil Bem-Me-Quer. Atualmente, a escola atende 138 alunos, distribu\u00eddos entre 61 meninos e 77 meninas, em 7 turmas que abrangem desde o ber\u00e7\u00e1rio I at\u00e9 a pr\u00e9-escola II. Com uma equipe dedicada de 18 profissionais, a EMEI se destaca pelas a\u00e7\u00f5es que promovem o desenvolvimento integral das crian\u00e7as. Em 2024, um dos grandes projetos da escola foi a parceria com o Fundo Social Sicredi, que viabilizou a renova\u00e7\u00e3o completa dos carrinhos de beb\u00eas para as turmas de ber\u00e7\u00e1rio, al\u00e9m da aquisi\u00e7\u00e3o de bancadas fixas para a alimenta\u00e7\u00e3o dos pequenos.<\/p>\n\n\n\n<p>O ano tamb\u00e9m contou com momentos de celebra\u00e7\u00e3o e intera\u00e7\u00e3o com a comunidade escolar. A tradicional Festa Junina foi realizada com muito entusiasmo, e uma emocionante homenagem aos av\u00f3s tocou o cora\u00e7\u00e3o das fam\u00edlias, criando mem\u00f3rias inesquec\u00edveis. A diretora Hanai Peixoto expressou sua satisfa\u00e7\u00e3o com o ano letivo que passou, \u201cMe alegro ao ver que encerramos mais este ciclo com a lembran\u00e7a de belos momentos, plantando sementes que ir\u00e3o gerar lindas hist\u00f3rias nos nossos alunos. Foi um ano extremamente produtivo, e nossa equipe esteve coesa, fazendo hist\u00f3ria com comprometimento e apoio da comunidade escolar\u201d.<\/p>\n\n\n\n<p>O olhar para o futuro tamb\u00e9m \u00e9 promissor. Em 2025, a dire\u00e7\u00e3o da escola prev\u00ea v\u00e1rias a\u00e7\u00f5es para melhorar ainda mais a infraestrutura da EMEI Bem-Me-Quer.<\/p>\n","protected":false},"excerpt":{"rendered":"<p>O Governo Municipal apresenta nesta segunda-feira (17), a retrospectiva da Escola Municipal de Educa\u00e7\u00e3o Infantil Bem-Me-Quer. Atualmente, a escola atende<\/p>\n","protected":false},"author":6,"featured_media":12850,"comment_status":"closed","ping_status":"closed","sticky":false,"template":"","format":"standard","meta":{"footnotes":""},"categories":[4,18],"tags":[],"class_list":["post-12847","post","type-post","status-publish","format-standard","has-post-thumbnail","hentry","category-noticias","category-secretaria-municipal-de-educacao-e-cultura"],"aioseo_notices":[],"_links":{"self":[{"href":"https:\/\/prefeitura.santarosa.rs.gov.br\/index.php?rest_route=\/wp\/v2\/posts\/12847","targetHints":{"allow":["GET"]}}],"collection":[{"href":"https:\/\/prefeitura.santarosa.rs.gov.br\/index.php?rest_route=\/wp\/v2\/posts"}],"about":[{"href":"https:\/\/prefeitura.santarosa.rs.gov.br\/index.php?rest_route=\/wp\/v2\/types\/post"}],"author":[{"embeddable":true,"href":"https:\/\/prefeitura.santarosa.rs.gov.br\/index.php?rest_route=\/wp\/v2\/users\/6"}],"replies":[{"embeddable":true,"href":"https:\/\/prefeitura.santarosa.rs.gov.br\/index.php?rest_route=%2Fwp%2Fv2%2Fcomments&post=12847"}],"version-history":[{"count":1,"href":"https:\/\/prefeitura.santarosa.rs.gov.br\/index.php?rest_route=\/wp\/v2\/posts\/12847\/revisions"}],"predecessor-version":[{"id":12849,"href":"https:\/\/prefeitura.santarosa.rs.gov.br\/index.php?rest_route=\/wp\/v2\/posts\/12847\/revisions\/12849"}],"wp:featuredmedia":[{"embeddable":true,"href":"https:\/\/prefeitura.santarosa.rs.gov.br\/index.php?rest_route=\/wp\/v2\/media\/12850"}],"wp:attachment":[{"href":"https:\/\/prefeitura.santarosa.rs.gov.br\/index.php?rest_route=%2Fwp%2Fv2%2Fmedia&parent=12847"}],"wp:term":[{"taxonomy":"category","embeddable":true,"href":"https:\/\/prefeitura.santarosa.rs.gov.br\/index.php?rest_route=%2Fwp%2Fv2%2Fcategories&post=12847"},{"taxonomy":"post_tag","embeddable":true,"href":"https:\/\/prefeitura.santarosa.rs.gov.br\/index.php?rest_route=%2Fwp%2Fv2%2Ftags&post=12847"}],"curies":[{"name":"wp","href":"https:\/\/api.w.org\/{rel}","templated":true}]}}