{"id":12843,"date":"2025-02-17T15:52:19","date_gmt":"2025-02-17T18:52:19","guid":{"rendered":"https:\/\/prefeitura.santarosa.rs.gov.br\/?p=12843"},"modified":"2025-02-17T15:52:20","modified_gmt":"2025-02-17T18:52:20","slug":"retrospectivas-2024-raps-de-santa-rosa-avancos-e-conquistas-na-atencao-psicossocial","status":"publish","type":"post","link":"https:\/\/prefeitura.santarosa.rs.gov.br\/?p=12843","title":{"rendered":"Retrospectivas 2024: RAPS de Santa Rosa &#8211; Avan\u00e7os e Conquistas na Aten\u00e7\u00e3o Psicossocial"},"content":{"rendered":"\n<figure class=\"wp-block-image size-full\"><img fetchpriority=\"high\" decoding=\"async\" width=\"860\" height=\"645\" src=\"https:\/\/prefeitura.santarosa.rs.gov.br\/wp-content\/uploads\/2025\/02\/Formato-Site-e-Portal-860X645-JPG-2025-02-17T154700.730.jpg\" alt=\"\" class=\"wp-image-12844\" srcset=\"https:\/\/prefeitura.santarosa.rs.gov.br\/wp-content\/uploads\/2025\/02\/Formato-Site-e-Portal-860X645-JPG-2025-02-17T154700.730.jpg 860w, https:\/\/prefeitura.santarosa.rs.gov.br\/wp-content\/uploads\/2025\/02\/Formato-Site-e-Portal-860X645-JPG-2025-02-17T154700.730-300x225.jpg 300w, https:\/\/prefeitura.santarosa.rs.gov.br\/wp-content\/uploads\/2025\/02\/Formato-Site-e-Portal-860X645-JPG-2025-02-17T154700.730-768x576.jpg 768w\" sizes=\"(max-width: 860px) 100vw, 860px\" \/><\/figure>\n\n\n\n<p>A Rede de Aten\u00e7\u00e3o Psicossocial (RAPS) da FUMSSAR, composta por tr\u00eas Centros de Aten\u00e7\u00e3o Psicossocial, CAPS Novo Rumo, CAPS Infantojuvenil e CAPS AD Movimento, teve muitas a\u00e7\u00f5es realizadas no ano que passou. Em 2024, a demanda pelos servi\u00e7os de sa\u00fade mental aumentou significativamente em Santa Rosa. Foram mais de 32 mil procedimentos realizados nos tr\u00eas centros.<\/p>\n\n\n\n<p>Outro destaque de 2024, foram os projetos voltados ao bem-estar da popula\u00e7\u00e3o, como o programa, &#8220;Sa\u00fade Mental de janeiro a janeiro&#8221;, oficinas terap\u00eauticas, grupos de atividades f\u00edsicas, atendimentos de PICS, reiki, auriculoterapia, grupos de apoio ao tabagismo, apoio aos familiares, cinoterapia, e grupos de suporte para depress\u00e3o e ansiedade. A coordenadora da RAPS e psic\u00f3loga da FUMSSAR, Fl\u00e1via Albuquerque, destacou que estas iniciativas ampliaram o acesso da popula\u00e7\u00e3o aos cuidados em sa\u00fade mental, promovendo a sa\u00fade integral e a qualidade de vida dos usu\u00e1rios, \u201cEm 2024, conseguimos avan\u00e7ar significativamente no acolhimento e na promo\u00e7\u00e3o da sa\u00fade mental, ampliando a oferta de servi\u00e7os e garantindo que mais pessoas de Santa Rosa tivessem acesso ao cuidado integral que merecem. Em 2025, seguimos com o compromisso de cuidar, acolher e reintegrar socialmente todos que buscam ajuda\u201d.<\/p>\n\n\n\n<p>Projetos culturais tamb\u00e9m marcaram o ano, como o &#8220;Festival da Can\u00e7\u00e3o e das Artes&#8221;, a &#8220;Mostra de Arte e Sa\u00fade Mental&#8221;, sess\u00f5es de cinema ao ar livre, torneios de beach tennis com usu\u00e1rios e familiares, passeios culturais e f\u00f3runs de capacita\u00e7\u00e3o e educa\u00e7\u00e3o permanente em sa\u00fade. Essas atividades integraram os servi\u00e7os dos CAPS \u00e0 comunidade e proporcionaram momentos de express\u00e3o art\u00edstica e lazer. Al\u00e9m dos atendimentos nos CAPS, a RAPS tamb\u00e9m conta com o Servi\u00e7o de Residencial Terap\u00eautico, que atualmente acolhe 10 moradores. Outro destaque s\u00e3o as duas comunidades terap\u00eauticas que atuam em parceria com o CAPS AD Movimento, fortalecendo o cuidado em sa\u00fade mental no munic\u00edpio.<\/p>\n\n\n\n<p>As equipes dos CAPS trabalham de forma integral e intersetorial em colabora\u00e7\u00e3o com diversos servi\u00e7os e institui\u00e7\u00f5es, como CRAS, CREAS, CER II, CMR TEAcolhe, Promotoria P\u00fablica de Justi\u00e7a, Conselho Tutelar, Poder Judici\u00e1rio, Defensoria P\u00fablica, Secretaria de Educa\u00e7\u00e3o, escolas, organiza\u00e7\u00f5es sociais e outros servi\u00e7os p\u00fablicos, garantindo uma abordagem abrangente e humanizada. Os CAPS de Santa Rosa possuem atendimento cl\u00ednico di\u00e1rio, com uma equipe multiprofissional que atua com foco nas necessidades e demandas espec\u00edficas, incluindo situa\u00e7\u00f5es de sofrimento ps\u00edquico intenso e crises relacionadas ao uso de subst\u00e2ncias.<\/p>\n\n\n\n<p><\/p>\n\n\n\n<p><\/p>\n","protected":false},"excerpt":{"rendered":"<p>A Rede de Aten\u00e7\u00e3o Psicossocial (RAPS) da FUMSSAR, composta por tr\u00eas Centros de Aten\u00e7\u00e3o Psicossocial, CAPS Novo Rumo, CAPS Infantojuvenil<\/p>\n","protected":false},"author":6,"featured_media":12845,"comment_status":"closed","ping_status":"closed","sticky":false,"template":"","format":"standard","meta":{"footnotes":""},"categories":[4,8],"tags":[],"class_list":["post-12843","post","type-post","status-publish","format-standard","has-post-thumbnail","hentry","category-noticias","category-noticias-fumssar"],"aioseo_notices":[],"_links":{"self":[{"href":"https:\/\/prefeitura.santarosa.rs.gov.br\/index.php?rest_route=\/wp\/v2\/posts\/12843","targetHints":{"allow":["GET"]}}],"collection":[{"href":"https:\/\/prefeitura.santarosa.rs.gov.br\/index.php?rest_route=\/wp\/v2\/posts"}],"about":[{"href":"https:\/\/prefeitura.santarosa.rs.gov.br\/index.php?rest_route=\/wp\/v2\/types\/post"}],"author":[{"embeddable":true,"href":"https:\/\/prefeitura.santarosa.rs.gov.br\/index.php?rest_route=\/wp\/v2\/users\/6"}],"replies":[{"embeddable":true,"href":"https:\/\/prefeitura.santarosa.rs.gov.br\/index.php?rest_route=%2Fwp%2Fv2%2Fcomments&post=12843"}],"version-history":[{"count":1,"href":"https:\/\/prefeitura.santarosa.rs.gov.br\/index.php?rest_route=\/wp\/v2\/posts\/12843\/revisions"}],"predecessor-version":[{"id":12846,"href":"https:\/\/prefeitura.santarosa.rs.gov.br\/index.php?rest_route=\/wp\/v2\/posts\/12843\/revisions\/12846"}],"wp:featuredmedia":[{"embeddable":true,"href":"https:\/\/prefeitura.santarosa.rs.gov.br\/index.php?rest_route=\/wp\/v2\/media\/12845"}],"wp:attachment":[{"href":"https:\/\/prefeitura.santarosa.rs.gov.br\/index.php?rest_route=%2Fwp%2Fv2%2Fmedia&parent=12843"}],"wp:term":[{"taxonomy":"category","embeddable":true,"href":"https:\/\/prefeitura.santarosa.rs.gov.br\/index.php?rest_route=%2Fwp%2Fv2%2Fcategories&post=12843"},{"taxonomy":"post_tag","embeddable":true,"href":"https:\/\/prefeitura.santarosa.rs.gov.br\/index.php?rest_route=%2Fwp%2Fv2%2Ftags&post=12843"}],"curies":[{"name":"wp","href":"https:\/\/api.w.org\/{rel}","templated":true}]}}