{"id":12831,"date":"2025-02-17T14:21:22","date_gmt":"2025-02-17T17:21:22","guid":{"rendered":"https:\/\/prefeitura.santarosa.rs.gov.br\/?p=12831"},"modified":"2025-02-17T14:21:23","modified_gmt":"2025-02-17T17:21:23","slug":"retrospectivas-2024-escolas-municipais-emef-erico-verissimo","status":"publish","type":"post","link":"https:\/\/prefeitura.santarosa.rs.gov.br\/?p=12831","title":{"rendered":"Retrospectivas 2024 Escolas Municipais: EMEF \u00c9rico Ver\u00edssimo"},"content":{"rendered":"\n<figure class=\"wp-block-image size-full\"><img fetchpriority=\"high\" decoding=\"async\" width=\"860\" height=\"645\" src=\"https:\/\/prefeitura.santarosa.rs.gov.br\/wp-content\/uploads\/2025\/02\/Formato-Site-e-Portal-860X645-JPG-2025-02-17T140842.495.jpg\" alt=\"\" class=\"wp-image-12832\" srcset=\"https:\/\/prefeitura.santarosa.rs.gov.br\/wp-content\/uploads\/2025\/02\/Formato-Site-e-Portal-860X645-JPG-2025-02-17T140842.495.jpg 860w, https:\/\/prefeitura.santarosa.rs.gov.br\/wp-content\/uploads\/2025\/02\/Formato-Site-e-Portal-860X645-JPG-2025-02-17T140842.495-300x225.jpg 300w, https:\/\/prefeitura.santarosa.rs.gov.br\/wp-content\/uploads\/2025\/02\/Formato-Site-e-Portal-860X645-JPG-2025-02-17T140842.495-768x576.jpg 768w\" sizes=\"(max-width: 860px) 100vw, 860px\" \/><\/figure>\n\n\n\n<p>Em 2024, a Escola Municipal de Ensino Fundamental \u00c9rico Ver\u00edssimo celebrou 98 anos de hist\u00f3ria. Localizada no interior de Santa Rosa, em Bela Uni\u00e3o, a escola atende atualmente 139 alunos, desde a pr\u00e9-escola at\u00e9 o 9\u00ba ano, distribu\u00eddos em 10 turmas. O ano de 2024 foi de grandes conquistas para a EMEF \u00c9rico Ver\u00edssimo. A escola recebeu a certifica\u00e7\u00e3o de Escola Destaque em duas edi\u00e7\u00f5es do Projeto &#8220;Um Olhar Para o Futuro de Santa Rosa&#8221;. No primeiro semestre, o destaque foi para os anos iniciais do ensino fundamental, e no segundo semestre, o reconhecimento foi tanto para os anos iniciais quanto para os anos finais do ensino fundamental.<\/p>\n\n\n\n<p>Al\u00e9m das conquistas acad\u00eamicas, a escola deu um passo significativo ao lan\u00e7ar a primeira edi\u00e7\u00e3o do jornal escolar, \u201cVoz da \u00c9rico\u201d, uma publica\u00e7\u00e3o feita pelos estudantes, que conta com hist\u00f3rias do cotidiano e as viv\u00eancias da institui\u00e7\u00e3o. A participa\u00e7\u00e3o em projetos de leitura foi intensa, com atividades como a Sacola da Leitura, Caf\u00e9 Liter\u00e1rio, Pizza Liter\u00e1ria, Parada Liter\u00e1ria e Conta\u00e7\u00e3o de Hist\u00f3rias. A Diretora Rosimeri Dudar Girsch, destacou o trabalho realizado neste quase um s\u00e9culo da EMEF \u00c9rico Ver\u00edssimo, &#8220;Falar sobre uma escola com 98 anos \u00e9 sempre uma celebra\u00e7\u00e3o, uma reflex\u00e3o sobre a hist\u00f3ria e o legado dessa institui\u00e7\u00e3o. Uma escola que persiste por quase um s\u00e9culo representa uma base s\u00f3lida de educa\u00e7\u00e3o e transforma\u00e7\u00e3o, tanto para as gera\u00e7\u00f5es que passaram por ela quanto para a comunidade ao seu redor. Somos os guardi\u00f5es dessa hist\u00f3ria e da miss\u00e3o de continuar transformando vidas&#8221;.<\/p>\n\n\n\n<p>A EMEF \u00c9rico Ver\u00edssimo tamb\u00e9m recebeu melhorias na infraestrutura, com a obra da quadra poliesportiva coberta, um espa\u00e7o que possibilita a pr\u00e1tica de esportes e demais atividades escolares. Outras a\u00e7\u00f5es de destaque trabalhadas ao longo do ano, foram a horta escolar e projetos como Tribos, PROERD e Patrulheiro Ambiental Mirim. Al\u00e9m disso, foram realizadas visitas nas propriedades rurais da comunidade, com o objetivo de aproximar os alunos das pr\u00e1ticas rurais e refor\u00e7ar os valores da agricultura e da sustentabilidade. Para 2025, a dire\u00e7\u00e3o pretende continuar com o foco no desenvolvimento integral dos alunos, com planos para ampliar as turmas de turno integral e investir em melhorias na infraestrutura f\u00edsica da escola.<\/p>\n","protected":false},"excerpt":{"rendered":"<p>Em 2024, a Escola Municipal de Ensino Fundamental \u00c9rico Ver\u00edssimo celebrou 98 anos de hist\u00f3ria. Localizada no interior de Santa<\/p>\n","protected":false},"author":6,"featured_media":12833,"comment_status":"closed","ping_status":"closed","sticky":false,"template":"","format":"standard","meta":{"footnotes":""},"categories":[4,18],"tags":[],"class_list":["post-12831","post","type-post","status-publish","format-standard","has-post-thumbnail","hentry","category-noticias","category-secretaria-municipal-de-educacao-e-cultura"],"aioseo_notices":[],"_links":{"self":[{"href":"https:\/\/prefeitura.santarosa.rs.gov.br\/index.php?rest_route=\/wp\/v2\/posts\/12831","targetHints":{"allow":["GET"]}}],"collection":[{"href":"https:\/\/prefeitura.santarosa.rs.gov.br\/index.php?rest_route=\/wp\/v2\/posts"}],"about":[{"href":"https:\/\/prefeitura.santarosa.rs.gov.br\/index.php?rest_route=\/wp\/v2\/types\/post"}],"author":[{"embeddable":true,"href":"https:\/\/prefeitura.santarosa.rs.gov.br\/index.php?rest_route=\/wp\/v2\/users\/6"}],"replies":[{"embeddable":true,"href":"https:\/\/prefeitura.santarosa.rs.gov.br\/index.php?rest_route=%2Fwp%2Fv2%2Fcomments&post=12831"}],"version-history":[{"count":1,"href":"https:\/\/prefeitura.santarosa.rs.gov.br\/index.php?rest_route=\/wp\/v2\/posts\/12831\/revisions"}],"predecessor-version":[{"id":12834,"href":"https:\/\/prefeitura.santarosa.rs.gov.br\/index.php?rest_route=\/wp\/v2\/posts\/12831\/revisions\/12834"}],"wp:featuredmedia":[{"embeddable":true,"href":"https:\/\/prefeitura.santarosa.rs.gov.br\/index.php?rest_route=\/wp\/v2\/media\/12833"}],"wp:attachment":[{"href":"https:\/\/prefeitura.santarosa.rs.gov.br\/index.php?rest_route=%2Fwp%2Fv2%2Fmedia&parent=12831"}],"wp:term":[{"taxonomy":"category","embeddable":true,"href":"https:\/\/prefeitura.santarosa.rs.gov.br\/index.php?rest_route=%2Fwp%2Fv2%2Fcategories&post=12831"},{"taxonomy":"post_tag","embeddable":true,"href":"https:\/\/prefeitura.santarosa.rs.gov.br\/index.php?rest_route=%2Fwp%2Fv2%2Ftags&post=12831"}],"curies":[{"name":"wp","href":"https:\/\/api.w.org\/{rel}","templated":true}]}}