{"id":12824,"date":"2025-02-14T14:38:28","date_gmt":"2025-02-14T17:38:28","guid":{"rendered":"https:\/\/prefeitura.santarosa.rs.gov.br\/?p=12824"},"modified":"2025-02-14T14:38:29","modified_gmt":"2025-02-14T17:38:29","slug":"retrospectivas-2024-escolas-municipais-emei-expedicionario-weber","status":"publish","type":"post","link":"https:\/\/prefeitura.santarosa.rs.gov.br\/?p=12824","title":{"rendered":"Retrospectivas 2024 Escolas Municipais: EMEI Expedicion\u00e1rio Weber"},"content":{"rendered":"\n<figure class=\"wp-block-image size-full\"><img fetchpriority=\"high\" decoding=\"async\" width=\"860\" height=\"645\" src=\"https:\/\/prefeitura.santarosa.rs.gov.br\/wp-content\/uploads\/2025\/02\/Formato-Site-e-Portal-860X645-JPG-2025-02-14T143738.266.jpg\" alt=\"\" class=\"wp-image-12825\" srcset=\"https:\/\/prefeitura.santarosa.rs.gov.br\/wp-content\/uploads\/2025\/02\/Formato-Site-e-Portal-860X645-JPG-2025-02-14T143738.266.jpg 860w, https:\/\/prefeitura.santarosa.rs.gov.br\/wp-content\/uploads\/2025\/02\/Formato-Site-e-Portal-860X645-JPG-2025-02-14T143738.266-300x225.jpg 300w, https:\/\/prefeitura.santarosa.rs.gov.br\/wp-content\/uploads\/2025\/02\/Formato-Site-e-Portal-860X645-JPG-2025-02-14T143738.266-768x576.jpg 768w\" sizes=\"(max-width: 860px) 100vw, 860px\" \/><\/figure>\n\n\n\n<p>Em continuidade \u00e0s retrospectivas das Escolas Municipais de Santa Rosa, a Prefeitura apresenta as a\u00e7\u00f5es realizadas em 2024 pela EMEI Expedicion\u00e1rio Weber. Localizada no Bairro Central, a equipe da escola celebrou em junho 63 anos de hist\u00f3ria. Atualmente, a institui\u00e7\u00e3o atende 109 alunos, sendo 54 meninos e 54 meninas, distribu\u00eddos em 5 turmas de Pr\u00e9-Escola. O ano que passou foi marcado por importantes conquistas e a\u00e7\u00f5es. A Caminhada do Autismo foi um dos destaques que promoveu conscientiza\u00e7\u00e3o e inclus\u00e3o.<\/p>\n\n\n\n<p>Al\u00e9m disso, foram realizadas diversas outras atividades e comemora\u00e7\u00f5es, como a Festa Junina, que reuniu a comunidade escolar para celebrar a cultura brasileira, e a organiza\u00e7\u00e3o de uma sala de Ateli\u00ea, que incentivou a criatividade dos alunos. A escola tamb\u00e9m teve melhorias na infraestrutura, com a reestrutura\u00e7\u00e3o do espa\u00e7o do parquinho e do piso da quadra coberta, garantindo maior seguran\u00e7a e conforto aos estudantes, al\u00e9m da aquisi\u00e7\u00e3o de novos brinquedos para o desenvolvimento infantil. A diretora Suelen Teixeira de Oliveira destacou o trabalho e o comprometimento da equipe, \u201cTivemos um ano de muitas conquistas, marcado pelo empenho de toda a nossa equipe e pelo sorriso das nossas crian\u00e7as. Cada passo dado nos aproxima do objetivo de proporcionar um ambiente acolhedor, estimulante e transformador. Em 2025, seguimos com ainda mais determina\u00e7\u00e3o para continuar esse trabalho com amor e dedica\u00e7\u00e3o&#8221;.<\/p>\n\n\n\n<p>Em 2025, o objetivo da dire\u00e7\u00e3o \u00e9 implementar novos projetos pedag\u00f3gicos, aprimorar a infraestrutura da escola e fortalecer a parceria com as fam\u00edlias e a comunidade local.<\/p>\n","protected":false},"excerpt":{"rendered":"<p>Em continuidade \u00e0s retrospectivas das Escolas Municipais de Santa Rosa, a Prefeitura apresenta as a\u00e7\u00f5es realizadas em 2024 pela EMEI<\/p>\n","protected":false},"author":6,"featured_media":12826,"comment_status":"closed","ping_status":"closed","sticky":false,"template":"","format":"standard","meta":{"footnotes":""},"categories":[4,18],"tags":[],"class_list":["post-12824","post","type-post","status-publish","format-standard","has-post-thumbnail","hentry","category-noticias","category-secretaria-municipal-de-educacao-e-cultura"],"aioseo_notices":[],"_links":{"self":[{"href":"https:\/\/prefeitura.santarosa.rs.gov.br\/index.php?rest_route=\/wp\/v2\/posts\/12824","targetHints":{"allow":["GET"]}}],"collection":[{"href":"https:\/\/prefeitura.santarosa.rs.gov.br\/index.php?rest_route=\/wp\/v2\/posts"}],"about":[{"href":"https:\/\/prefeitura.santarosa.rs.gov.br\/index.php?rest_route=\/wp\/v2\/types\/post"}],"author":[{"embeddable":true,"href":"https:\/\/prefeitura.santarosa.rs.gov.br\/index.php?rest_route=\/wp\/v2\/users\/6"}],"replies":[{"embeddable":true,"href":"https:\/\/prefeitura.santarosa.rs.gov.br\/index.php?rest_route=%2Fwp%2Fv2%2Fcomments&post=12824"}],"version-history":[{"count":1,"href":"https:\/\/prefeitura.santarosa.rs.gov.br\/index.php?rest_route=\/wp\/v2\/posts\/12824\/revisions"}],"predecessor-version":[{"id":12827,"href":"https:\/\/prefeitura.santarosa.rs.gov.br\/index.php?rest_route=\/wp\/v2\/posts\/12824\/revisions\/12827"}],"wp:featuredmedia":[{"embeddable":true,"href":"https:\/\/prefeitura.santarosa.rs.gov.br\/index.php?rest_route=\/wp\/v2\/media\/12826"}],"wp:attachment":[{"href":"https:\/\/prefeitura.santarosa.rs.gov.br\/index.php?rest_route=%2Fwp%2Fv2%2Fmedia&parent=12824"}],"wp:term":[{"taxonomy":"category","embeddable":true,"href":"https:\/\/prefeitura.santarosa.rs.gov.br\/index.php?rest_route=%2Fwp%2Fv2%2Fcategories&post=12824"},{"taxonomy":"post_tag","embeddable":true,"href":"https:\/\/prefeitura.santarosa.rs.gov.br\/index.php?rest_route=%2Fwp%2Fv2%2Ftags&post=12824"}],"curies":[{"name":"wp","href":"https:\/\/api.w.org\/{rel}","templated":true}]}}