{"id":12807,"date":"2025-02-13T15:08:08","date_gmt":"2025-02-13T18:08:08","guid":{"rendered":"https:\/\/prefeitura.santarosa.rs.gov.br\/?p=12807"},"modified":"2025-02-13T15:08:08","modified_gmt":"2025-02-13T18:08:08","slug":"retrospectivas-2024-escolas-municipais-emef-pedro-speroni","status":"publish","type":"post","link":"https:\/\/prefeitura.santarosa.rs.gov.br\/?p=12807","title":{"rendered":"Retrospectivas 2024 Escolas Municipais: EMEF Pedro Speroni"},"content":{"rendered":"\n<figure class=\"wp-block-image size-full\"><img fetchpriority=\"high\" decoding=\"async\" width=\"860\" height=\"645\" src=\"https:\/\/prefeitura.santarosa.rs.gov.br\/wp-content\/uploads\/2025\/02\/Formato-Site-e-Portal-860X645-JPG-2025-02-13T150422.821.jpg\" alt=\"\" class=\"wp-image-12808\" srcset=\"https:\/\/prefeitura.santarosa.rs.gov.br\/wp-content\/uploads\/2025\/02\/Formato-Site-e-Portal-860X645-JPG-2025-02-13T150422.821.jpg 860w, https:\/\/prefeitura.santarosa.rs.gov.br\/wp-content\/uploads\/2025\/02\/Formato-Site-e-Portal-860X645-JPG-2025-02-13T150422.821-300x225.jpg 300w, https:\/\/prefeitura.santarosa.rs.gov.br\/wp-content\/uploads\/2025\/02\/Formato-Site-e-Portal-860X645-JPG-2025-02-13T150422.821-768x576.jpg 768w\" sizes=\"(max-width: 860px) 100vw, 860px\" \/><\/figure>\n\n\n\n<p>A EMEF Pedro Speroni, inaugurada em maio de 1953, completou 71 anos em 2024. Com um total de 449 alunos, sendo 248 meninos e 201 meninas, a escola atende crian\u00e7as e adolescentes de 4 a 15 anos. As 18 turmas abrangem desde a Educa\u00e7\u00e3o Infantil at\u00e9 o 9\u00ba ano. Durante o ano letivo, a escola focou em a\u00e7\u00f5es que foram al\u00e9m da sala de aula, oferecendo atividades pedag\u00f3gicas, culturais, esportivas e de cuidados com a sa\u00fade. Essas iniciativas t\u00eam como foco o desenvolvimento integral dos alunos, promovendo o aprendizado de forma din\u00e2mica e interativa.<\/p>\n\n\n\n<p>A busca pela qualifica\u00e7\u00e3o e protagonismo dos alunos foi um ponto de destaque. A equipe da escola trabalhou para incentivar atitudes positivas e assertivas, refor\u00e7ando a import\u00e2ncia de escolhas conscientes e do estudo cont\u00ednuo. Para alcan\u00e7ar esses objetivos, foram realizadas forma\u00e7\u00f5es, reuni\u00f5es e apresenta\u00e7\u00f5es, promovendo a participa\u00e7\u00e3o ativa das fam\u00edlias na vida escolar. A diretora Iondir Teresinha Schaedler destacou o compromisso de oferecer cada vez mais, uma educa\u00e7\u00e3o completa e de qualidade aos estudantes, \u201cBuscamos estrat\u00e9gias para fortalecer as potencialidades dos nossos alunos, com \u00f3timos resultados em \u00e1reas como esportes, literatura e feiras de conhecimento. A proximidade com as fam\u00edlias tem gerado melhorias significativas em nosso desempenho acad\u00eamico e as perspectivas para o futuro s\u00e3o de cont\u00ednuo crescimento\u201d.<\/p>\n\n\n\n<p>Para 2025, a equipe diretiva pretende dar sequ\u00eancia aos projetos que est\u00e3o em andamento e tamb\u00e9m implementar novas a\u00e7\u00f5es, incluindo a amplia\u00e7\u00e3o das atividades extracurriculares e a continua\u00e7\u00e3o da parceria com as fam\u00edlias.<\/p>\n","protected":false},"excerpt":{"rendered":"<p>A EMEF Pedro Speroni, inaugurada em maio de 1953, completou 71 anos em 2024. Com um total de 449 alunos,<\/p>\n","protected":false},"author":6,"featured_media":12809,"comment_status":"closed","ping_status":"closed","sticky":false,"template":"","format":"standard","meta":{"footnotes":""},"categories":[4,18],"tags":[],"class_list":["post-12807","post","type-post","status-publish","format-standard","has-post-thumbnail","hentry","category-noticias","category-secretaria-municipal-de-educacao-e-cultura"],"aioseo_notices":[],"_links":{"self":[{"href":"https:\/\/prefeitura.santarosa.rs.gov.br\/index.php?rest_route=\/wp\/v2\/posts\/12807","targetHints":{"allow":["GET"]}}],"collection":[{"href":"https:\/\/prefeitura.santarosa.rs.gov.br\/index.php?rest_route=\/wp\/v2\/posts"}],"about":[{"href":"https:\/\/prefeitura.santarosa.rs.gov.br\/index.php?rest_route=\/wp\/v2\/types\/post"}],"author":[{"embeddable":true,"href":"https:\/\/prefeitura.santarosa.rs.gov.br\/index.php?rest_route=\/wp\/v2\/users\/6"}],"replies":[{"embeddable":true,"href":"https:\/\/prefeitura.santarosa.rs.gov.br\/index.php?rest_route=%2Fwp%2Fv2%2Fcomments&post=12807"}],"version-history":[{"count":1,"href":"https:\/\/prefeitura.santarosa.rs.gov.br\/index.php?rest_route=\/wp\/v2\/posts\/12807\/revisions"}],"predecessor-version":[{"id":12810,"href":"https:\/\/prefeitura.santarosa.rs.gov.br\/index.php?rest_route=\/wp\/v2\/posts\/12807\/revisions\/12810"}],"wp:featuredmedia":[{"embeddable":true,"href":"https:\/\/prefeitura.santarosa.rs.gov.br\/index.php?rest_route=\/wp\/v2\/media\/12809"}],"wp:attachment":[{"href":"https:\/\/prefeitura.santarosa.rs.gov.br\/index.php?rest_route=%2Fwp%2Fv2%2Fmedia&parent=12807"}],"wp:term":[{"taxonomy":"category","embeddable":true,"href":"https:\/\/prefeitura.santarosa.rs.gov.br\/index.php?rest_route=%2Fwp%2Fv2%2Fcategories&post=12807"},{"taxonomy":"post_tag","embeddable":true,"href":"https:\/\/prefeitura.santarosa.rs.gov.br\/index.php?rest_route=%2Fwp%2Fv2%2Ftags&post=12807"}],"curies":[{"name":"wp","href":"https:\/\/api.w.org\/{rel}","templated":true}]}}