{"id":12803,"date":"2025-02-13T09:33:21","date_gmt":"2025-02-13T12:33:21","guid":{"rendered":"https:\/\/prefeitura.santarosa.rs.gov.br\/?p=12803"},"modified":"2025-02-13T15:12:29","modified_gmt":"2025-02-13T18:12:29","slug":"inscricoes-abertas-para-o-pelotao-mirim-da-brigada-militar","status":"publish","type":"post","link":"https:\/\/prefeitura.santarosa.rs.gov.br\/?p=12803","title":{"rendered":"Inscri\u00e7\u00f5es abertas para o Pelot\u00e3o Mirim da Brigada Militar"},"content":{"rendered":"\n<figure class=\"wp-block-image size-full\"><img fetchpriority=\"high\" decoding=\"async\" width=\"860\" height=\"645\" src=\"https:\/\/prefeitura.santarosa.rs.gov.br\/wp-content\/uploads\/2025\/02\/Formato-Site-e-Portal-860X645-JPG-2025-02-13T093230.611.jpg\" alt=\"\" class=\"wp-image-12804\" srcset=\"https:\/\/prefeitura.santarosa.rs.gov.br\/wp-content\/uploads\/2025\/02\/Formato-Site-e-Portal-860X645-JPG-2025-02-13T093230.611.jpg 860w, https:\/\/prefeitura.santarosa.rs.gov.br\/wp-content\/uploads\/2025\/02\/Formato-Site-e-Portal-860X645-JPG-2025-02-13T093230.611-300x225.jpg 300w, https:\/\/prefeitura.santarosa.rs.gov.br\/wp-content\/uploads\/2025\/02\/Formato-Site-e-Portal-860X645-JPG-2025-02-13T093230.611-768x576.jpg 768w\" sizes=\"(max-width: 860px) 100vw, 860px\" \/><\/figure>\n\n\n\n<p><\/p>\n\n\n\n<p>A Prefeitura de Santa Rosa por meio da Secretaria de Desenvolvimento Social, informa que est\u00e3o abertas as inscri\u00e7\u00f5es para o Pelot\u00e3o Mirim 2025. As atividades ocorrem no contraturno escolar. Podem participar crian\u00e7as e adolescentes com idade entre 10 a 15 anos.<\/p>\n\n\n\n<p>As rematr\u00edculas v\u00e3o at\u00e9 a pr\u00f3xima sexta-feira (14\/02), j\u00e1 na segunda-feira dia 17\/02 at\u00e9 dia 28\/02 ser\u00e3o recebidas novas matr\u00edculas.<\/p>\n\n\n\n<p>Interessados dever\u00e3o comparecer na Secretaria de Desenvolvimento Social (Rua Minas Gerais, 86 &#8211; Centro) munidos da documenta\u00e7\u00e3o:<\/p>\n\n\n\n<ul class=\"wp-block-list\">\n<li>Cadastro \u00danico atualizado<\/li>\n\n\n\n<li>RG e CPF da crian\u00e7a\/adolescente e respons\u00e1vel<\/li>\n\n\n\n<li>Atestado escolar<\/li>\n<\/ul>\n","protected":false},"excerpt":{"rendered":"<p>A Prefeitura de Santa Rosa por meio da Secretaria de Desenvolvimento Social, informa que est\u00e3o abertas as inscri\u00e7\u00f5es para o<\/p>\n","protected":false},"author":6,"featured_media":12805,"comment_status":"open","ping_status":"open","sticky":false,"template":"","format":"standard","meta":{"footnotes":""},"categories":[4,17],"tags":[],"class_list":["post-12803","post","type-post","status-publish","format-standard","has-post-thumbnail","hentry","category-noticias","category-secretaria-municipal-de-desenvolvimento-social"],"aioseo_notices":[],"_links":{"self":[{"href":"https:\/\/prefeitura.santarosa.rs.gov.br\/index.php?rest_route=\/wp\/v2\/posts\/12803","targetHints":{"allow":["GET"]}}],"collection":[{"href":"https:\/\/prefeitura.santarosa.rs.gov.br\/index.php?rest_route=\/wp\/v2\/posts"}],"about":[{"href":"https:\/\/prefeitura.santarosa.rs.gov.br\/index.php?rest_route=\/wp\/v2\/types\/post"}],"author":[{"embeddable":true,"href":"https:\/\/prefeitura.santarosa.rs.gov.br\/index.php?rest_route=\/wp\/v2\/users\/6"}],"replies":[{"embeddable":true,"href":"https:\/\/prefeitura.santarosa.rs.gov.br\/index.php?rest_route=%2Fwp%2Fv2%2Fcomments&post=12803"}],"version-history":[{"count":1,"href":"https:\/\/prefeitura.santarosa.rs.gov.br\/index.php?rest_route=\/wp\/v2\/posts\/12803\/revisions"}],"predecessor-version":[{"id":12806,"href":"https:\/\/prefeitura.santarosa.rs.gov.br\/index.php?rest_route=\/wp\/v2\/posts\/12803\/revisions\/12806"}],"wp:featuredmedia":[{"embeddable":true,"href":"https:\/\/prefeitura.santarosa.rs.gov.br\/index.php?rest_route=\/wp\/v2\/media\/12805"}],"wp:attachment":[{"href":"https:\/\/prefeitura.santarosa.rs.gov.br\/index.php?rest_route=%2Fwp%2Fv2%2Fmedia&parent=12803"}],"wp:term":[{"taxonomy":"category","embeddable":true,"href":"https:\/\/prefeitura.santarosa.rs.gov.br\/index.php?rest_route=%2Fwp%2Fv2%2Fcategories&post=12803"},{"taxonomy":"post_tag","embeddable":true,"href":"https:\/\/prefeitura.santarosa.rs.gov.br\/index.php?rest_route=%2Fwp%2Fv2%2Ftags&post=12803"}],"curies":[{"name":"wp","href":"https:\/\/api.w.org\/{rel}","templated":true}]}}