{"id":12798,"date":"2025-02-12T17:06:27","date_gmt":"2025-02-12T20:06:27","guid":{"rendered":"https:\/\/prefeitura.santarosa.rs.gov.br\/?p=12798"},"modified":"2025-02-12T17:06:27","modified_gmt":"2025-02-12T20:06:27","slug":"retrospectivas-2024-escolas-municipais-emei-crescer-feliz","status":"publish","type":"post","link":"https:\/\/prefeitura.santarosa.rs.gov.br\/?p=12798","title":{"rendered":"Retrospectivas 2024 Escolas Municipais: EMEI Crescer Feliz"},"content":{"rendered":"\n<figure class=\"wp-block-image size-full\"><img fetchpriority=\"high\" decoding=\"async\" width=\"860\" height=\"645\" src=\"https:\/\/prefeitura.santarosa.rs.gov.br\/wp-content\/uploads\/2025\/02\/Formato-Site-e-Portal-860X645-JPG-2025-02-12T170424.261.jpg\" alt=\"\" class=\"wp-image-12799\" srcset=\"https:\/\/prefeitura.santarosa.rs.gov.br\/wp-content\/uploads\/2025\/02\/Formato-Site-e-Portal-860X645-JPG-2025-02-12T170424.261.jpg 860w, https:\/\/prefeitura.santarosa.rs.gov.br\/wp-content\/uploads\/2025\/02\/Formato-Site-e-Portal-860X645-JPG-2025-02-12T170424.261-300x225.jpg 300w, https:\/\/prefeitura.santarosa.rs.gov.br\/wp-content\/uploads\/2025\/02\/Formato-Site-e-Portal-860X645-JPG-2025-02-12T170424.261-768x576.jpg 768w\" sizes=\"(max-width: 860px) 100vw, 860px\" \/><\/figure>\n\n\n\n<p>A EMEI Crescer Feliz completou 44 anos de atua\u00e7\u00e3o em 2024. Com a miss\u00e3o de promover o desenvolvimento integral das crian\u00e7as, a escola atende atualmente 226 alunos (123 meninos e 103 meninas) em 12 turmas, que v\u00e3o do ber\u00e7\u00e1rio \u00e0 pr\u00e9-escola. Destas, duas turmas est\u00e3o na extens\u00e3o localizada na Escola Estadual de Ensino Fundamental Ermindo Vier, em Guia Lopes. No ano que passou diversas a\u00e7\u00f5es foram promovidas, com destaque para o projeto &#8220;Pequenos Jardineiros&#8221;, no qual os alunos participaram ativamente da constru\u00e7\u00e3o de canteiros e plantio de mudas de flores, utilizando recursos doados pelas fam\u00edlias da escola. Esta iniciativa teve como foco ensinar as crian\u00e7as sobre a import\u00e2ncia do cuidado com a natureza e do trabalho em equipe.<\/p>\n\n\n\n<p>A escola tamb\u00e9m teve importantes melhorias na infraestrutura. O refeit\u00f3rio foi reformado, com a aquisi\u00e7\u00e3o de novas mesas, bancos e utens\u00edlios dom\u00e9sticos, com o objetivo de melhor atender \u00e0s crian\u00e7as. A diretora Alcione Rafaela P\u00e9rez agradeceu a dedica\u00e7\u00e3o da equipe e o apoio das fam\u00edlias, destacando o compromisso com o desenvolvimento dos alunos e o fortalecimento da comunidade escolar, &#8220;Agrade\u00e7o a cada integrante da nossa equipe pela dedica\u00e7\u00e3o e esfor\u00e7o no atendimento das nossas crian\u00e7as. Gratid\u00e3o tamb\u00e9m aos pais pela confian\u00e7a, e aos nossos educandos por compartilharem conosco momentos de aprendizado, carinho e alegria&#8221;.<\/p>\n\n\n\n<p>Al\u00e9m das a\u00e7\u00f5es realizadas, a gest\u00e3o da escola tem se preparado para novas conquistas. Para o ano de 2025, est\u00e3o previstas importantes obras de renova\u00e7\u00e3o e moderniza\u00e7\u00e3o, como a pintura total da escola, a climatiza\u00e7\u00e3o do gin\u00e1sio, a renova\u00e7\u00e3o do parquinho externo e a reforma da entrada da escola, incluindo a reposi\u00e7\u00e3o do emborrachado das escadas. Essas melhorias visam proporcionar um ambiente ainda mais acolhedor e seguro para as crian\u00e7as e toda a comunidade escolar. A EMEI Crescer Feliz fica localizada na Rua Tur\u00edbio Antunes, n\u00ba 124, no Bairro Timba\u00fava.<\/p>\n","protected":false},"excerpt":{"rendered":"<p>A EMEI Crescer Feliz completou 44 anos de atua\u00e7\u00e3o em 2024. Com a miss\u00e3o de promover o desenvolvimento integral das<\/p>\n","protected":false},"author":6,"featured_media":12800,"comment_status":"closed","ping_status":"closed","sticky":false,"template":"","format":"standard","meta":{"footnotes":""},"categories":[4,18],"tags":[],"class_list":["post-12798","post","type-post","status-publish","format-standard","has-post-thumbnail","hentry","category-noticias","category-secretaria-municipal-de-educacao-e-cultura"],"aioseo_notices":[],"_links":{"self":[{"href":"https:\/\/prefeitura.santarosa.rs.gov.br\/index.php?rest_route=\/wp\/v2\/posts\/12798","targetHints":{"allow":["GET"]}}],"collection":[{"href":"https:\/\/prefeitura.santarosa.rs.gov.br\/index.php?rest_route=\/wp\/v2\/posts"}],"about":[{"href":"https:\/\/prefeitura.santarosa.rs.gov.br\/index.php?rest_route=\/wp\/v2\/types\/post"}],"author":[{"embeddable":true,"href":"https:\/\/prefeitura.santarosa.rs.gov.br\/index.php?rest_route=\/wp\/v2\/users\/6"}],"replies":[{"embeddable":true,"href":"https:\/\/prefeitura.santarosa.rs.gov.br\/index.php?rest_route=%2Fwp%2Fv2%2Fcomments&post=12798"}],"version-history":[{"count":1,"href":"https:\/\/prefeitura.santarosa.rs.gov.br\/index.php?rest_route=\/wp\/v2\/posts\/12798\/revisions"}],"predecessor-version":[{"id":12801,"href":"https:\/\/prefeitura.santarosa.rs.gov.br\/index.php?rest_route=\/wp\/v2\/posts\/12798\/revisions\/12801"}],"wp:featuredmedia":[{"embeddable":true,"href":"https:\/\/prefeitura.santarosa.rs.gov.br\/index.php?rest_route=\/wp\/v2\/media\/12800"}],"wp:attachment":[{"href":"https:\/\/prefeitura.santarosa.rs.gov.br\/index.php?rest_route=%2Fwp%2Fv2%2Fmedia&parent=12798"}],"wp:term":[{"taxonomy":"category","embeddable":true,"href":"https:\/\/prefeitura.santarosa.rs.gov.br\/index.php?rest_route=%2Fwp%2Fv2%2Fcategories&post=12798"},{"taxonomy":"post_tag","embeddable":true,"href":"https:\/\/prefeitura.santarosa.rs.gov.br\/index.php?rest_route=%2Fwp%2Fv2%2Ftags&post=12798"}],"curies":[{"name":"wp","href":"https:\/\/api.w.org\/{rel}","templated":true}]}}