{"id":12762,"date":"2025-02-10T16:17:12","date_gmt":"2025-02-10T19:17:12","guid":{"rendered":"https:\/\/prefeitura.santarosa.rs.gov.br\/?p=12762"},"modified":"2025-02-10T16:17:12","modified_gmt":"2025-02-10T19:17:12","slug":"volta-as-aulas-na-rede-municipal-de-santa-rosa","status":"publish","type":"post","link":"https:\/\/prefeitura.santarosa.rs.gov.br\/?p=12762","title":{"rendered":"Volta \u00e0s Aulas na Rede Municipal de Santa Rosa"},"content":{"rendered":"\n<figure class=\"wp-block-image size-full\"><img fetchpriority=\"high\" decoding=\"async\" width=\"860\" height=\"645\" src=\"https:\/\/prefeitura.santarosa.rs.gov.br\/wp-content\/uploads\/2025\/02\/Formato-Site-e-Portal-860X645-JPG-2025-02-10T161637.049.jpg\" alt=\"\" class=\"wp-image-12763\" srcset=\"https:\/\/prefeitura.santarosa.rs.gov.br\/wp-content\/uploads\/2025\/02\/Formato-Site-e-Portal-860X645-JPG-2025-02-10T161637.049.jpg 860w, https:\/\/prefeitura.santarosa.rs.gov.br\/wp-content\/uploads\/2025\/02\/Formato-Site-e-Portal-860X645-JPG-2025-02-10T161637.049-300x225.jpg 300w, https:\/\/prefeitura.santarosa.rs.gov.br\/wp-content\/uploads\/2025\/02\/Formato-Site-e-Portal-860X645-JPG-2025-02-10T161637.049-768x576.jpg 768w\" sizes=\"(max-width: 860px) 100vw, 860px\" \/><\/figure>\n\n\n\n<p>A volta \u00e0s aulas nas escolas da Rede Municipal de Ensino de Santa Rosa aconteceu nesta segunda-feira, 10 de fevereiro. Mais de 7 mil alunos, atendidos em 21 Escolas de Educa\u00e7\u00e3o Infantil (EMEIs) e 13 Escolas de Ensino Fundamental (EMEFs), retornaram ao ambiente escolar. A equipe da Secretaria de Educa\u00e7\u00e3o possui cerca de 870 profissionais, incluindo professores, monitores e servidores, comprometidos em oferecer um ensino de qualidade.<\/p>\n\n\n\n<p>Santa Rosa conta com 34 Escolas Municipais, dessas, 03 s\u00e3o Escolas do Campo e 03 EMEFs funcionam com atendimento em tempo integral. Al\u00e9m disso, outras unidades possuem diversas atividades ofertadas no contraturno escolar. A Secret\u00e1ria de Educa\u00e7\u00e3o, Josyane Heck, destacou o in\u00edcio do ano letivo com grande entusiasmo, \u201cContamos com um grupo qualificado e uma infraestrutura de ponta para atender os nossos alunos. Com certeza, ser\u00e1 um ano produtivo para todos, com ainda mais qualifica\u00e7\u00e3o na educa\u00e7\u00e3o do munic\u00edpio&#8221;.<\/p>\n\n\n\n<p>Nos \u00faltimos anos, o n\u00famero de estudantes tem aumentado, e o Governo Municipal tem se dedicado a ampliar as vagas para atender \u00e0 crescente demanda. Novas escolas de Educa\u00e7\u00e3o Infantil est\u00e3o sendo entregues para a comunidade. A EMEI Amor Perfeito, na Vila Pereira, foi inaugurada em julho de 2024 e a EMEI Andressa Ferreira, no bairro Sulina, ser\u00e1 inaugurada amanh\u00e3, dia 11\/02. Al\u00e9m disso, est\u00e1 na fase final das obras, a EMEI S\u00e3o Francisco. Para esse ano, tamb\u00e9m est\u00e1 prevista a constru\u00e7\u00e3o da EMEI Edwino Walter Fehlauer, no Loteamento Vargas, no bairro Central, bem como, a implementa\u00e7\u00e3o da Escola SESI em Santa Rosa.<\/p>\n","protected":false},"excerpt":{"rendered":"<p>A volta \u00e0s aulas nas escolas da Rede Municipal de Ensino de Santa Rosa aconteceu nesta segunda-feira, 10 de fevereiro.<\/p>\n","protected":false},"author":6,"featured_media":12764,"comment_status":"open","ping_status":"open","sticky":false,"template":"","format":"standard","meta":{"footnotes":""},"categories":[4,19],"tags":[],"class_list":["post-12762","post","type-post","status-publish","format-standard","has-post-thumbnail","hentry","category-noticias","category-secretaria-municipal-de-esporte"],"aioseo_notices":[],"_links":{"self":[{"href":"https:\/\/prefeitura.santarosa.rs.gov.br\/index.php?rest_route=\/wp\/v2\/posts\/12762","targetHints":{"allow":["GET"]}}],"collection":[{"href":"https:\/\/prefeitura.santarosa.rs.gov.br\/index.php?rest_route=\/wp\/v2\/posts"}],"about":[{"href":"https:\/\/prefeitura.santarosa.rs.gov.br\/index.php?rest_route=\/wp\/v2\/types\/post"}],"author":[{"embeddable":true,"href":"https:\/\/prefeitura.santarosa.rs.gov.br\/index.php?rest_route=\/wp\/v2\/users\/6"}],"replies":[{"embeddable":true,"href":"https:\/\/prefeitura.santarosa.rs.gov.br\/index.php?rest_route=%2Fwp%2Fv2%2Fcomments&post=12762"}],"version-history":[{"count":1,"href":"https:\/\/prefeitura.santarosa.rs.gov.br\/index.php?rest_route=\/wp\/v2\/posts\/12762\/revisions"}],"predecessor-version":[{"id":12765,"href":"https:\/\/prefeitura.santarosa.rs.gov.br\/index.php?rest_route=\/wp\/v2\/posts\/12762\/revisions\/12765"}],"wp:featuredmedia":[{"embeddable":true,"href":"https:\/\/prefeitura.santarosa.rs.gov.br\/index.php?rest_route=\/wp\/v2\/media\/12764"}],"wp:attachment":[{"href":"https:\/\/prefeitura.santarosa.rs.gov.br\/index.php?rest_route=%2Fwp%2Fv2%2Fmedia&parent=12762"}],"wp:term":[{"taxonomy":"category","embeddable":true,"href":"https:\/\/prefeitura.santarosa.rs.gov.br\/index.php?rest_route=%2Fwp%2Fv2%2Fcategories&post=12762"},{"taxonomy":"post_tag","embeddable":true,"href":"https:\/\/prefeitura.santarosa.rs.gov.br\/index.php?rest_route=%2Fwp%2Fv2%2Ftags&post=12762"}],"curies":[{"name":"wp","href":"https:\/\/api.w.org\/{rel}","templated":true}]}}