{"id":12708,"date":"2025-02-07T14:43:47","date_gmt":"2025-02-07T17:43:47","guid":{"rendered":"https:\/\/prefeitura.santarosa.rs.gov.br\/?p=12708"},"modified":"2025-02-07T14:43:47","modified_gmt":"2025-02-07T17:43:47","slug":"retrospectivas-2024-unidades-basicas-de-saude-gloria","status":"publish","type":"post","link":"https:\/\/prefeitura.santarosa.rs.gov.br\/?p=12708","title":{"rendered":"Retrospectivas 2024 Unidades B\u00e1sicas de Sa\u00fade: Gl\u00f3ria"},"content":{"rendered":"\n<figure class=\"wp-block-image size-full\"><img fetchpriority=\"high\" decoding=\"async\" width=\"860\" height=\"645\" src=\"https:\/\/prefeitura.santarosa.rs.gov.br\/wp-content\/uploads\/2025\/02\/Formato-Site-e-Portal-860X645-JPG-2025-02-07T144252.466.jpg\" alt=\"\" class=\"wp-image-12709\" srcset=\"https:\/\/prefeitura.santarosa.rs.gov.br\/wp-content\/uploads\/2025\/02\/Formato-Site-e-Portal-860X645-JPG-2025-02-07T144252.466.jpg 860w, https:\/\/prefeitura.santarosa.rs.gov.br\/wp-content\/uploads\/2025\/02\/Formato-Site-e-Portal-860X645-JPG-2025-02-07T144252.466-300x225.jpg 300w, https:\/\/prefeitura.santarosa.rs.gov.br\/wp-content\/uploads\/2025\/02\/Formato-Site-e-Portal-860X645-JPG-2025-02-07T144252.466-768x576.jpg 768w\" sizes=\"(max-width: 860px) 100vw, 860px\" \/><\/figure>\n\n\n\n<p>Em 2024, a UBS Gl\u00f3ria completou 24 anos de cria\u00e7\u00e3o. De janeiro a dezembro, a equipe multiprofissional que atua na unidade realizou 47.580 procedimentos, entre consultas m\u00e9dicas, atendimentos de enfermagem, entre outros servi\u00e7os. Os Agentes Comunit\u00e1rios de Sa\u00fade desempenharam um papel fundamental, com mais de 5.400 atividades. Al\u00e9m disso, ocorreram 4.912 visitas domiciliares para garantir o acompanhamento cont\u00ednuo da sa\u00fade da popula\u00e7\u00e3o.<\/p>\n\n\n\n<p>As a\u00e7\u00f5es de destaque de 2024 inclu\u00edram atividades de preven\u00e7\u00e3o e promo\u00e7\u00e3o da sa\u00fade, com a continuidade do Programa Sa\u00fade na Escola (PSE), a realiza\u00e7\u00e3o de grupos, o Outubro Rosa e mutir\u00f5es para preven\u00e7\u00e3o da dengue. Melhorias na infraestrutura tamb\u00e9m foram realizadas, como a pintura do pr\u00e9dio da UBS e a limpeza do p\u00e1tio, proporcionando um ambiente mais acolhedor e funcional para os usu\u00e1rios. A Coordenadora da UBS Gl\u00f3ria, Cristiane Preissler Roman, destacou o trabalho do ano que passou, \u201cEm 2024, nos dedicamos muito, e, foi muita gratificante pois contamos com uma equipe atuando de forma integrada na promo\u00e7\u00e3o e preven\u00e7\u00e3o da sa\u00fade dos nossos usu\u00e1rios. A colabora\u00e7\u00e3o de todos foi fundamental para superarmos todos os desafios\u201d.<\/p>\n\n\n\n<p>Para 2025, a coordena\u00e7\u00e3o tem grandes expectativas, com o intuito de aprimorar ainda mais os servi\u00e7os e continuar cuidando da comunidade. O foco ser\u00e1 a constru\u00e7\u00e3o de uma nova sede para a unidade e a implementa\u00e7\u00e3o de novos grupos de preven\u00e7\u00e3o e promo\u00e7\u00e3o da sa\u00fade. A equipe que atua na UBS Gl\u00f3ria \u00e9 respons\u00e1vel pelo atendimento de cerca de 4 mil pessoas (2.061 mulheres e 1.873 homens).<\/p>\n","protected":false},"excerpt":{"rendered":"<p>Em 2024, a UBS Gl\u00f3ria completou 24 anos de cria\u00e7\u00e3o. De janeiro a dezembro, a equipe multiprofissional que atua na<\/p>\n","protected":false},"author":6,"featured_media":12710,"comment_status":"closed","ping_status":"closed","sticky":false,"template":"","format":"standard","meta":{"footnotes":""},"categories":[4,8],"tags":[],"class_list":["post-12708","post","type-post","status-publish","format-standard","has-post-thumbnail","hentry","category-noticias","category-noticias-fumssar"],"aioseo_notices":[],"_links":{"self":[{"href":"https:\/\/prefeitura.santarosa.rs.gov.br\/index.php?rest_route=\/wp\/v2\/posts\/12708","targetHints":{"allow":["GET"]}}],"collection":[{"href":"https:\/\/prefeitura.santarosa.rs.gov.br\/index.php?rest_route=\/wp\/v2\/posts"}],"about":[{"href":"https:\/\/prefeitura.santarosa.rs.gov.br\/index.php?rest_route=\/wp\/v2\/types\/post"}],"author":[{"embeddable":true,"href":"https:\/\/prefeitura.santarosa.rs.gov.br\/index.php?rest_route=\/wp\/v2\/users\/6"}],"replies":[{"embeddable":true,"href":"https:\/\/prefeitura.santarosa.rs.gov.br\/index.php?rest_route=%2Fwp%2Fv2%2Fcomments&post=12708"}],"version-history":[{"count":1,"href":"https:\/\/prefeitura.santarosa.rs.gov.br\/index.php?rest_route=\/wp\/v2\/posts\/12708\/revisions"}],"predecessor-version":[{"id":12711,"href":"https:\/\/prefeitura.santarosa.rs.gov.br\/index.php?rest_route=\/wp\/v2\/posts\/12708\/revisions\/12711"}],"wp:featuredmedia":[{"embeddable":true,"href":"https:\/\/prefeitura.santarosa.rs.gov.br\/index.php?rest_route=\/wp\/v2\/media\/12710"}],"wp:attachment":[{"href":"https:\/\/prefeitura.santarosa.rs.gov.br\/index.php?rest_route=%2Fwp%2Fv2%2Fmedia&parent=12708"}],"wp:term":[{"taxonomy":"category","embeddable":true,"href":"https:\/\/prefeitura.santarosa.rs.gov.br\/index.php?rest_route=%2Fwp%2Fv2%2Fcategories&post=12708"},{"taxonomy":"post_tag","embeddable":true,"href":"https:\/\/prefeitura.santarosa.rs.gov.br\/index.php?rest_route=%2Fwp%2Fv2%2Ftags&post=12708"}],"curies":[{"name":"wp","href":"https:\/\/api.w.org\/{rel}","templated":true}]}}