{"id":12699,"date":"2025-02-07T14:34:35","date_gmt":"2025-02-07T17:34:35","guid":{"rendered":"https:\/\/prefeitura.santarosa.rs.gov.br\/?p=12699"},"modified":"2025-02-07T14:34:35","modified_gmt":"2025-02-07T17:34:35","slug":"retrospectivas-2024-escolas-municipais-emei-olhar-de-crianca","status":"publish","type":"post","link":"https:\/\/prefeitura.santarosa.rs.gov.br\/?p=12699","title":{"rendered":"Retrospectivas 2024 Escolas Municipais: EMEI Olhar de Crian\u00e7a"},"content":{"rendered":"\n<figure class=\"wp-block-image size-full\"><img fetchpriority=\"high\" decoding=\"async\" width=\"860\" height=\"645\" src=\"https:\/\/prefeitura.santarosa.rs.gov.br\/wp-content\/uploads\/2025\/02\/Formato-Site-e-Portal-860X645-JPG-2025-02-07T142311.108.jpg\" alt=\"\" class=\"wp-image-12701\" srcset=\"https:\/\/prefeitura.santarosa.rs.gov.br\/wp-content\/uploads\/2025\/02\/Formato-Site-e-Portal-860X645-JPG-2025-02-07T142311.108.jpg 860w, https:\/\/prefeitura.santarosa.rs.gov.br\/wp-content\/uploads\/2025\/02\/Formato-Site-e-Portal-860X645-JPG-2025-02-07T142311.108-300x225.jpg 300w, https:\/\/prefeitura.santarosa.rs.gov.br\/wp-content\/uploads\/2025\/02\/Formato-Site-e-Portal-860X645-JPG-2025-02-07T142311.108-768x576.jpg 768w\" sizes=\"(max-width: 860px) 100vw, 860px\" \/><\/figure>\n\n\n\n<p><\/p>\n\n\n\n<p>O Governo Municipal apresenta nesta sexta-feira (07), a retrospectiva da EMEI Olhar de Crian\u00e7a. A escola completou 11 anos de cria\u00e7\u00e3o em 2024. Localizada no bairro Gl\u00f3ria, a institui\u00e7\u00e3o atende atualmente 166 alunos, com idades que variam de 4 meses a 4 anos, distribu\u00eddos em 9 turmas de ber\u00e7\u00e1rio a maternal. Durante o ano, foram desenvolvidas v\u00e1rias a\u00e7\u00f5es que envolveram tanto o aprendizado quanto o fortalecimento do v\u00ednculo com as fam\u00edlias. Entre as atividades de maior destaque, est\u00e3o os encontros mensais com os pais, al\u00e9m de eventos tradicionais como a Festa Julina, a Noite Gaud\u00e9ria e a Mostra de Trabalhos.<\/p>\n\n\n\n<p>O Projeto Meio Ambiente, realizado em parceria com o 19\u00ba RC Mec, tamb\u00e9m foi um marco importante, com o plantio de \u00e1rvores pela escola, proporcionando para as crian\u00e7as uma viv\u00eancia de responsabilidade ambiental. No final do ano, foram realizadas apresenta\u00e7\u00f5es encantadoras das crian\u00e7as e um jantar de anivers\u00e1rio, celebrando os 11 anos de hist\u00f3ria com a comunidade escolar. A Diretora Ana Regina da Rosa Soares Klein, ressaltou a import\u00e2ncia do trabalho realizado ao longo dessa d\u00e9cada, \u201cCada crian\u00e7a que por aqui passou deixou sua marca e levou consigo um pouquinho da escola. Cada profissional que aqui trabalhou, realizou sua fun\u00e7\u00e3o com carinho e dedica\u00e7\u00e3o. Gratid\u00e3o \u00e9 o que sentimos neste momento em fazer parte desta grande e linda fam\u00edlia chamada EMEI Olhar de Crian\u00e7a\u201d.<\/p>\n\n\n\n<p>Para 2025, a dire\u00e7\u00e3o planeja novas melhorias para continuar proporcionando um ambiente de excel\u00eancia. Entre as a\u00e7\u00f5es previstas est\u00e3o a cria\u00e7\u00e3o de novos espa\u00e7os para brincadeiras, como a constru\u00e7\u00e3o de um espa\u00e7o motor na \u00e1rea externa da escola e a compra de brinquedos novos para as salas de aula. Tamb\u00e9m est\u00e3o previstas obras de manuten\u00e7\u00e3o predial, como a troca do piso dos sol\u00e1rios dos Ber\u00e7\u00e1rios e a manuten\u00e7\u00e3o de toda a infraestrutura da escola.<\/p>\n\n\n\n<p><\/p>\n","protected":false},"excerpt":{"rendered":"<p>O Governo Municipal apresenta nesta sexta-feira (07), a retrospectiva da EMEI Olhar de Crian\u00e7a. A escola completou 11 anos de<\/p>\n","protected":false},"author":6,"featured_media":12700,"comment_status":"open","ping_status":"open","sticky":false,"template":"","format":"standard","meta":{"footnotes":""},"categories":[4,18],"tags":[],"class_list":["post-12699","post","type-post","status-publish","format-standard","has-post-thumbnail","hentry","category-noticias","category-secretaria-municipal-de-educacao-e-cultura"],"aioseo_notices":[],"_links":{"self":[{"href":"https:\/\/prefeitura.santarosa.rs.gov.br\/index.php?rest_route=\/wp\/v2\/posts\/12699","targetHints":{"allow":["GET"]}}],"collection":[{"href":"https:\/\/prefeitura.santarosa.rs.gov.br\/index.php?rest_route=\/wp\/v2\/posts"}],"about":[{"href":"https:\/\/prefeitura.santarosa.rs.gov.br\/index.php?rest_route=\/wp\/v2\/types\/post"}],"author":[{"embeddable":true,"href":"https:\/\/prefeitura.santarosa.rs.gov.br\/index.php?rest_route=\/wp\/v2\/users\/6"}],"replies":[{"embeddable":true,"href":"https:\/\/prefeitura.santarosa.rs.gov.br\/index.php?rest_route=%2Fwp%2Fv2%2Fcomments&post=12699"}],"version-history":[{"count":1,"href":"https:\/\/prefeitura.santarosa.rs.gov.br\/index.php?rest_route=\/wp\/v2\/posts\/12699\/revisions"}],"predecessor-version":[{"id":12702,"href":"https:\/\/prefeitura.santarosa.rs.gov.br\/index.php?rest_route=\/wp\/v2\/posts\/12699\/revisions\/12702"}],"wp:featuredmedia":[{"embeddable":true,"href":"https:\/\/prefeitura.santarosa.rs.gov.br\/index.php?rest_route=\/wp\/v2\/media\/12700"}],"wp:attachment":[{"href":"https:\/\/prefeitura.santarosa.rs.gov.br\/index.php?rest_route=%2Fwp%2Fv2%2Fmedia&parent=12699"}],"wp:term":[{"taxonomy":"category","embeddable":true,"href":"https:\/\/prefeitura.santarosa.rs.gov.br\/index.php?rest_route=%2Fwp%2Fv2%2Fcategories&post=12699"},{"taxonomy":"post_tag","embeddable":true,"href":"https:\/\/prefeitura.santarosa.rs.gov.br\/index.php?rest_route=%2Fwp%2Fv2%2Ftags&post=12699"}],"curies":[{"name":"wp","href":"https:\/\/api.w.org\/{rel}","templated":true}]}}