{"id":12695,"date":"2025-02-06T15:27:19","date_gmt":"2025-02-06T18:27:19","guid":{"rendered":"https:\/\/prefeitura.santarosa.rs.gov.br\/?p=12695"},"modified":"2025-02-06T15:27:20","modified_gmt":"2025-02-06T18:27:20","slug":"delcio-stefan-participa-de-reunioes-e-acoes-importantes-em-porto-alegre","status":"publish","type":"post","link":"https:\/\/prefeitura.santarosa.rs.gov.br\/?p=12695","title":{"rendered":"D\u00e9lcio Stefan participa de reuni\u00f5es e a\u00e7\u00f5es importantes em Porto Alegre"},"content":{"rendered":"\n<figure class=\"wp-block-image size-full\"><img fetchpriority=\"high\" decoding=\"async\" width=\"860\" height=\"645\" src=\"https:\/\/prefeitura.santarosa.rs.gov.br\/wp-content\/uploads\/2025\/02\/Formato-Site-e-Portal-860X645-JPG-2025-02-06T152610.758.jpg\" alt=\"\" class=\"wp-image-12696\" srcset=\"https:\/\/prefeitura.santarosa.rs.gov.br\/wp-content\/uploads\/2025\/02\/Formato-Site-e-Portal-860X645-JPG-2025-02-06T152610.758.jpg 860w, https:\/\/prefeitura.santarosa.rs.gov.br\/wp-content\/uploads\/2025\/02\/Formato-Site-e-Portal-860X645-JPG-2025-02-06T152610.758-300x225.jpg 300w, https:\/\/prefeitura.santarosa.rs.gov.br\/wp-content\/uploads\/2025\/02\/Formato-Site-e-Portal-860X645-JPG-2025-02-06T152610.758-768x576.jpg 768w\" sizes=\"(max-width: 860px) 100vw, 860px\" \/><\/figure>\n\n\n\n<p>O Presidente da Funda\u00e7\u00e3o Municipal de Sa\u00fade de Santa Rosa (FUMSSAR), D\u00e9lcio Stefan, esteve em Porto Alegre esta semana, participando de uma s\u00e9rie de atividades relevantes para o setor da sa\u00fade. Entre os compromissos, destaque para a primeira reuni\u00e3o do ano do Conselho das Secretarias Municipais de Sa\u00fade do Rio Grande do Sul (COSEMS\/RS). O evento que contou com a presen\u00e7a da nova diretoria. D\u00e9lcio \u00e9 o 1\u00ba Vice-Presidente do Conselho, o que representa um importante marco para a atua\u00e7\u00e3o da FUMSSAR nas pautas de sa\u00fade no Estado.<\/p>\n\n\n\n<p>Em outro momento, o Presidente tamb\u00e9m esteve com a Secret\u00e1ria Estadual de Sa\u00fade, Arita Bergmann, em uma agenda produtiva onde foram discutidos temas estrat\u00e9gicos, como o programa de amplia\u00e7\u00e3o de atendimento das especialidades e a cria\u00e7\u00e3o de uma rede de cuidado para as gestantes. A Secret\u00e1ria Arita tamb\u00e9m apresentou os novos projetos que est\u00e3o sendo planejados para a sa\u00fade em 2025 e informou sobre a corre\u00e7\u00e3o dos recursos do Estado destinados ao setor. D\u00e9lcio Stefan destacou a relev\u00e2ncia da participa\u00e7\u00e3o ativa de Santa Rosa nessas discuss\u00f5es, reafirmando o compromisso da FUMSSAR com a melhoria dos servi\u00e7os de sa\u00fade para a popula\u00e7\u00e3o, \u201c\u00c9 uma honra fazer parte da diretoria do COSEMS\/RS e poder estar \u00e0 frente de discuss\u00f5es sobre novos programas e projetos na \u00e1rea da sa\u00fade para o Rio Grande do Sul. Fico muito grato de poder representar Santa Rosa e a regi\u00e3o macro missioneira e ter a oportunidade de trazer benef\u00edcios concretos para todos os cidad\u00e3os ga\u00fachos\u201d.<\/p>\n\n\n\n<p><\/p>\n","protected":false},"excerpt":{"rendered":"<p>O Presidente da Funda\u00e7\u00e3o Municipal de Sa\u00fade de Santa Rosa (FUMSSAR), D\u00e9lcio Stefan, esteve em Porto Alegre esta semana, participando<\/p>\n","protected":false},"author":6,"featured_media":12697,"comment_status":"closed","ping_status":"closed","sticky":false,"template":"","format":"standard","meta":{"footnotes":""},"categories":[4,8],"tags":[],"class_list":["post-12695","post","type-post","status-publish","format-standard","has-post-thumbnail","hentry","category-noticias","category-noticias-fumssar"],"aioseo_notices":[],"_links":{"self":[{"href":"https:\/\/prefeitura.santarosa.rs.gov.br\/index.php?rest_route=\/wp\/v2\/posts\/12695","targetHints":{"allow":["GET"]}}],"collection":[{"href":"https:\/\/prefeitura.santarosa.rs.gov.br\/index.php?rest_route=\/wp\/v2\/posts"}],"about":[{"href":"https:\/\/prefeitura.santarosa.rs.gov.br\/index.php?rest_route=\/wp\/v2\/types\/post"}],"author":[{"embeddable":true,"href":"https:\/\/prefeitura.santarosa.rs.gov.br\/index.php?rest_route=\/wp\/v2\/users\/6"}],"replies":[{"embeddable":true,"href":"https:\/\/prefeitura.santarosa.rs.gov.br\/index.php?rest_route=%2Fwp%2Fv2%2Fcomments&post=12695"}],"version-history":[{"count":1,"href":"https:\/\/prefeitura.santarosa.rs.gov.br\/index.php?rest_route=\/wp\/v2\/posts\/12695\/revisions"}],"predecessor-version":[{"id":12698,"href":"https:\/\/prefeitura.santarosa.rs.gov.br\/index.php?rest_route=\/wp\/v2\/posts\/12695\/revisions\/12698"}],"wp:featuredmedia":[{"embeddable":true,"href":"https:\/\/prefeitura.santarosa.rs.gov.br\/index.php?rest_route=\/wp\/v2\/media\/12697"}],"wp:attachment":[{"href":"https:\/\/prefeitura.santarosa.rs.gov.br\/index.php?rest_route=%2Fwp%2Fv2%2Fmedia&parent=12695"}],"wp:term":[{"taxonomy":"category","embeddable":true,"href":"https:\/\/prefeitura.santarosa.rs.gov.br\/index.php?rest_route=%2Fwp%2Fv2%2Fcategories&post=12695"},{"taxonomy":"post_tag","embeddable":true,"href":"https:\/\/prefeitura.santarosa.rs.gov.br\/index.php?rest_route=%2Fwp%2Fv2%2Ftags&post=12695"}],"curies":[{"name":"wp","href":"https:\/\/api.w.org\/{rel}","templated":true}]}}