{"id":12691,"date":"2025-02-06T15:04:00","date_gmt":"2025-02-06T18:04:00","guid":{"rendered":"https:\/\/prefeitura.santarosa.rs.gov.br\/?p=12691"},"modified":"2025-02-06T15:04:01","modified_gmt":"2025-02-06T18:04:01","slug":"secretaria-de-mobilidade-urbana-compartilha-modelo-de-gestao-com-outros-municipios","status":"publish","type":"post","link":"https:\/\/prefeitura.santarosa.rs.gov.br\/?p=12691","title":{"rendered":"Secretaria de Mobilidade Urbana compartilha modelo de gest\u00e3o com outros munic\u00edpios"},"content":{"rendered":"\n<figure class=\"wp-block-image size-full\"><img fetchpriority=\"high\" decoding=\"async\" width=\"860\" height=\"645\" src=\"https:\/\/prefeitura.santarosa.rs.gov.br\/wp-content\/uploads\/2025\/02\/Formato-Site-e-Portal-860X645-JPG-2025-02-06T150121.682.jpg\" alt=\"\" class=\"wp-image-12692\" srcset=\"https:\/\/prefeitura.santarosa.rs.gov.br\/wp-content\/uploads\/2025\/02\/Formato-Site-e-Portal-860X645-JPG-2025-02-06T150121.682.jpg 860w, https:\/\/prefeitura.santarosa.rs.gov.br\/wp-content\/uploads\/2025\/02\/Formato-Site-e-Portal-860X645-JPG-2025-02-06T150121.682-300x225.jpg 300w, https:\/\/prefeitura.santarosa.rs.gov.br\/wp-content\/uploads\/2025\/02\/Formato-Site-e-Portal-860X645-JPG-2025-02-06T150121.682-768x576.jpg 768w\" sizes=\"(max-width: 860px) 100vw, 860px\" \/><\/figure>\n\n\n\n<p>Nesta semana, o Secret\u00e1rio de Mobilidade Urbana de Santa Rosa recebeu a visita de uma equipe da Prefeitura Santiago. Participaram da atividade, o Secret\u00e1rio de Tr\u00e2nsito e Mobilidade Urbana de Santiago, Jo\u00e3o Alberto Ferreira de Lima e servidores municipais. Na oportunidade, eles puderam conhecer a estrutura da secretaria e tamb\u00e9m, entender como est\u00e1 sendo o funcionamento dos principais trabalhos que a Gest\u00e3o tem feito.<\/p>\n\n\n\n<p>Durante a visita, tamb\u00e9m foram apresentadas as etapas do Plano de Mobilidade Urbana de Santa Rosa. O Secret\u00e1rio Gilberto Kr\u00fcger, destacou, &#8220;A coopera\u00e7\u00e3o entre os munic\u00edpios \u00e9 fundamental para a constru\u00e7\u00e3o de um sistema de mobilidade mais eficiente e integrado. Estamos sempre \u00e0 disposi\u00e7\u00e3o para compartilhar nossas experi\u00eancias e contribuir com o desenvolvimento das cidades vizinhas&#8221;.<\/p>\n\n\n\n<p>Al\u00e9m da Prefeitura de Santiago, outros tr\u00eas munic\u00edpios j\u00e1 procuraram a equipe de Santa Rosa para conhecer o funcionamento da secretaria, como a Prefeitura de Horizontina, Alecrim e Tuparendi.<\/p>\n","protected":false},"excerpt":{"rendered":"<p>Nesta semana, o Secret\u00e1rio de Mobilidade Urbana de Santa Rosa recebeu a visita de uma equipe da Prefeitura Santiago. Participaram<\/p>\n","protected":false},"author":6,"featured_media":12693,"comment_status":"closed","ping_status":"open","sticky":false,"template":"","format":"standard","meta":{"footnotes":""},"categories":[4,27],"tags":[],"class_list":["post-12691","post","type-post","status-publish","format-standard","has-post-thumbnail","hentry","category-noticias","category-secretaria-municipal-de-mobilidade-urbana"],"aioseo_notices":[],"_links":{"self":[{"href":"https:\/\/prefeitura.santarosa.rs.gov.br\/index.php?rest_route=\/wp\/v2\/posts\/12691","targetHints":{"allow":["GET"]}}],"collection":[{"href":"https:\/\/prefeitura.santarosa.rs.gov.br\/index.php?rest_route=\/wp\/v2\/posts"}],"about":[{"href":"https:\/\/prefeitura.santarosa.rs.gov.br\/index.php?rest_route=\/wp\/v2\/types\/post"}],"author":[{"embeddable":true,"href":"https:\/\/prefeitura.santarosa.rs.gov.br\/index.php?rest_route=\/wp\/v2\/users\/6"}],"replies":[{"embeddable":true,"href":"https:\/\/prefeitura.santarosa.rs.gov.br\/index.php?rest_route=%2Fwp%2Fv2%2Fcomments&post=12691"}],"version-history":[{"count":1,"href":"https:\/\/prefeitura.santarosa.rs.gov.br\/index.php?rest_route=\/wp\/v2\/posts\/12691\/revisions"}],"predecessor-version":[{"id":12694,"href":"https:\/\/prefeitura.santarosa.rs.gov.br\/index.php?rest_route=\/wp\/v2\/posts\/12691\/revisions\/12694"}],"wp:featuredmedia":[{"embeddable":true,"href":"https:\/\/prefeitura.santarosa.rs.gov.br\/index.php?rest_route=\/wp\/v2\/media\/12693"}],"wp:attachment":[{"href":"https:\/\/prefeitura.santarosa.rs.gov.br\/index.php?rest_route=%2Fwp%2Fv2%2Fmedia&parent=12691"}],"wp:term":[{"taxonomy":"category","embeddable":true,"href":"https:\/\/prefeitura.santarosa.rs.gov.br\/index.php?rest_route=%2Fwp%2Fv2%2Fcategories&post=12691"},{"taxonomy":"post_tag","embeddable":true,"href":"https:\/\/prefeitura.santarosa.rs.gov.br\/index.php?rest_route=%2Fwp%2Fv2%2Ftags&post=12691"}],"curies":[{"name":"wp","href":"https:\/\/api.w.org\/{rel}","templated":true}]}}