{"id":12684,"date":"2025-02-05T15:37:09","date_gmt":"2025-02-05T18:37:09","guid":{"rendered":"https:\/\/prefeitura.santarosa.rs.gov.br\/?p=12684"},"modified":"2025-02-05T15:37:09","modified_gmt":"2025-02-05T18:37:09","slug":"campanha-juntos-pela-leitura-do-rs-doa-mais-de-400-novos-titulos-para-a-biblioteca-publica-de-santa-rosa","status":"publish","type":"post","link":"https:\/\/prefeitura.santarosa.rs.gov.br\/?p=12684","title":{"rendered":"Campanha \u201cJuntos pela Leitura do RS\u201d doa mais de 400 novos t\u00edtulos para a Biblioteca P\u00fablica de Santa Rosa"},"content":{"rendered":"\n<figure class=\"wp-block-image size-full\"><img fetchpriority=\"high\" decoding=\"async\" width=\"860\" height=\"645\" src=\"https:\/\/prefeitura.santarosa.rs.gov.br\/wp-content\/uploads\/2025\/02\/Formato-Site-e-Portal-860X645-JPG-2025-02-05T153137.460.jpg\" alt=\"\" class=\"wp-image-12685\" srcset=\"https:\/\/prefeitura.santarosa.rs.gov.br\/wp-content\/uploads\/2025\/02\/Formato-Site-e-Portal-860X645-JPG-2025-02-05T153137.460.jpg 860w, https:\/\/prefeitura.santarosa.rs.gov.br\/wp-content\/uploads\/2025\/02\/Formato-Site-e-Portal-860X645-JPG-2025-02-05T153137.460-300x225.jpg 300w, https:\/\/prefeitura.santarosa.rs.gov.br\/wp-content\/uploads\/2025\/02\/Formato-Site-e-Portal-860X645-JPG-2025-02-05T153137.460-768x576.jpg 768w\" sizes=\"(max-width: 860px) 100vw, 860px\" \/><\/figure>\n\n\n\n<p>A Biblioteca P\u00fablica Municipal Olavo Bilac, de Santa Rosa, recebeu 400 novos t\u00edtulos para seu acervo. Parte deles \u00e9 resultado da campanha \u201cJuntos pela Leitura do RS\u201d, organizada pelo Instituto Estadual do Livro (IEL) e pelo Sistema Estadual de Bibliotecas do Rio Grande do Sul (SEBP), em parceria com a TAG Livros e com apoio do Instituto Cervantes.<\/p>\n\n\n\n<p>A a\u00e7\u00e3o teve como objetivo renovar o acervo das bibliotecas p\u00fablicas afetadas pela enchente de maio\/2024. Devido ao excedente de livros arrecadados, o SEBP disponibilizou o material para outras bibliotecas do Estado.<\/p>\n\n\n\n<p>A entrega da doa\u00e7\u00e3o na biblioteca, teve apoio do secret\u00e1rio adjunto de Desenvolvimento Urbano e Metropolitano do Rio Grande do Sul, Fernando Classmann e do Secret\u00e1rio de Esporte, Cauh\u00e3 Pereira.<\/p>\n","protected":false},"excerpt":{"rendered":"<p>A Biblioteca P\u00fablica Municipal Olavo Bilac, de Santa Rosa, recebeu 400 novos t\u00edtulos para seu acervo. Parte deles \u00e9 resultado<\/p>\n","protected":false},"author":6,"featured_media":12686,"comment_status":"closed","ping_status":"closed","sticky":false,"template":"","format":"standard","meta":{"footnotes":""},"categories":[4,18],"tags":[],"class_list":["post-12684","post","type-post","status-publish","format-standard","has-post-thumbnail","hentry","category-noticias","category-secretaria-municipal-de-educacao-e-cultura"],"aioseo_notices":[],"_links":{"self":[{"href":"https:\/\/prefeitura.santarosa.rs.gov.br\/index.php?rest_route=\/wp\/v2\/posts\/12684","targetHints":{"allow":["GET"]}}],"collection":[{"href":"https:\/\/prefeitura.santarosa.rs.gov.br\/index.php?rest_route=\/wp\/v2\/posts"}],"about":[{"href":"https:\/\/prefeitura.santarosa.rs.gov.br\/index.php?rest_route=\/wp\/v2\/types\/post"}],"author":[{"embeddable":true,"href":"https:\/\/prefeitura.santarosa.rs.gov.br\/index.php?rest_route=\/wp\/v2\/users\/6"}],"replies":[{"embeddable":true,"href":"https:\/\/prefeitura.santarosa.rs.gov.br\/index.php?rest_route=%2Fwp%2Fv2%2Fcomments&post=12684"}],"version-history":[{"count":1,"href":"https:\/\/prefeitura.santarosa.rs.gov.br\/index.php?rest_route=\/wp\/v2\/posts\/12684\/revisions"}],"predecessor-version":[{"id":12687,"href":"https:\/\/prefeitura.santarosa.rs.gov.br\/index.php?rest_route=\/wp\/v2\/posts\/12684\/revisions\/12687"}],"wp:featuredmedia":[{"embeddable":true,"href":"https:\/\/prefeitura.santarosa.rs.gov.br\/index.php?rest_route=\/wp\/v2\/media\/12686"}],"wp:attachment":[{"href":"https:\/\/prefeitura.santarosa.rs.gov.br\/index.php?rest_route=%2Fwp%2Fv2%2Fmedia&parent=12684"}],"wp:term":[{"taxonomy":"category","embeddable":true,"href":"https:\/\/prefeitura.santarosa.rs.gov.br\/index.php?rest_route=%2Fwp%2Fv2%2Fcategories&post=12684"},{"taxonomy":"post_tag","embeddable":true,"href":"https:\/\/prefeitura.santarosa.rs.gov.br\/index.php?rest_route=%2Fwp%2Fv2%2Ftags&post=12684"}],"curies":[{"name":"wp","href":"https:\/\/api.w.org\/{rel}","templated":true}]}}