{"id":12657,"date":"2025-02-05T09:48:03","date_gmt":"2025-02-05T12:48:03","guid":{"rendered":"https:\/\/prefeitura.santarosa.rs.gov.br\/?p=12657"},"modified":"2025-02-05T10:12:24","modified_gmt":"2025-02-05T13:12:24","slug":"prefeitura-anuncia-melhorias-nos-cemiterios-municipais","status":"publish","type":"post","link":"https:\/\/prefeitura.santarosa.rs.gov.br\/?p=12657","title":{"rendered":"Prefeitura anuncia melhorias nos cemit\u00e9rios municipais"},"content":{"rendered":"\n<figure class=\"wp-block-image size-full\"><img fetchpriority=\"high\" decoding=\"async\" width=\"860\" height=\"645\" src=\"https:\/\/prefeitura.santarosa.rs.gov.br\/wp-content\/uploads\/2025\/02\/Formato-Site-e-Portal-860X645-JPG-2025-02-05T094520.482.jpg\" alt=\"\" class=\"wp-image-12658\" srcset=\"https:\/\/prefeitura.santarosa.rs.gov.br\/wp-content\/uploads\/2025\/02\/Formato-Site-e-Portal-860X645-JPG-2025-02-05T094520.482.jpg 860w, https:\/\/prefeitura.santarosa.rs.gov.br\/wp-content\/uploads\/2025\/02\/Formato-Site-e-Portal-860X645-JPG-2025-02-05T094520.482-300x225.jpg 300w, https:\/\/prefeitura.santarosa.rs.gov.br\/wp-content\/uploads\/2025\/02\/Formato-Site-e-Portal-860X645-JPG-2025-02-05T094520.482-768x576.jpg 768w\" sizes=\"(max-width: 860px) 100vw, 860px\" \/><\/figure>\n\n\n\n<p>Nesta semana, foi assinado o contrato para a terceiriza\u00e7\u00e3o da manuten\u00e7\u00e3o e limpeza dos cemit\u00e9rios municipais, Jardim da Paz e Campo da Paz (Cruzeiro). Com o processo licitat\u00f3rio conclu\u00eddo, a empresa vencedora tem 30 dias para iniciar os servi\u00e7os. O investimento ultrapassa R$ 1 milh\u00e3o, com um prazo de dura\u00e7\u00e3o de um ano. A contratada ficar\u00e1 respons\u00e1vel por toda a parte operacional dos cemit\u00e9rios, incluindo o fornecimento de pessoal e equipamentos necess\u00e1rios para a execu\u00e7\u00e3o das atividades. Entre as tarefas previstas est\u00e3o a limpeza e conserva\u00e7\u00e3o das \u00e1reas internas e externas, vigil\u00e2ncia, organiza\u00e7\u00e3o dos dep\u00f3sitos de ferramentas e materiais, al\u00e9m da manuten\u00e7\u00e3o dos banheiros p\u00fablicos e de servi\u00e7o.<\/p>\n\n\n\n<p>O contrato inclui o recolhimento de lixo, a limpeza de vasos de flores e floreiras, a higieniza\u00e7\u00e3o das caixas d\u2019\u00e1gua, varri\u00e7\u00e3o, corte de grama, ro\u00e7ada e acabamento nos t\u00famulos, bem como, a poda e remo\u00e7\u00e3o de \u00e1rvores. A constru\u00e7\u00e3o de carneiras, a manuten\u00e7\u00e3o das sepulturas e a realiza\u00e7\u00e3o de sepultamentos e exuma\u00e7\u00f5es tamb\u00e9m fazem parte das responsabilidades da empresa contratada. O Secret\u00e1rio de Obras, Tenente-Coronel Valtair Dornelles, destacou a import\u00e2ncia da terceiriza\u00e7\u00e3o para atender a todas as demandas dos dois cemit\u00e9rios municipais, e garantiu que a equipe da Secretaria de Obras ir\u00e1 fiscalizar o contrato e a execu\u00e7\u00e3o dos servi\u00e7os, \u201cA partir de agora, vamos contar com um servi\u00e7o cont\u00ednuo para a manuten\u00e7\u00e3o dos cemit\u00e9rios municipais. Esta era uma antiga demanda da popula\u00e7\u00e3o, que agora passa a ser solucionada com o trabalho terceirizado que vai garantir a execu\u00e7\u00e3o de todos os servi\u00e7os necess\u00e1rios nestes locais\u201d.<\/p>\n\n\n\n<p>Outro grande avan\u00e7o foi o processo de cadastramento dos t\u00famulos e sepulturas, realizado recentemente pela Secretaria de Gest\u00e3o. O processo ocorreu em etapas, com a digita\u00e7\u00e3o de mais de 20 mil fichas existentes, muitas delas duplicadas. O Secret\u00e1rio de Gest\u00e3o, Ademir Rosa, ressaltou a import\u00e2ncia desse trabalho, \u201cCom todas as informa\u00e7\u00f5es digitalizadas, qualquer pessoa pode acessar os dados por meio do Portal do Cidad\u00e3o ou do aplicativo Atende.net. Al\u00e9m disso, outras melhorias est\u00e3o previstas, como o localizador. Ao inserir o nome do ente querido no sistema, o usu\u00e1rio ser\u00e1 direcionado ao Google Maps, onde uma seta ir\u00e1 indicar a localiza\u00e7\u00e3o exata da sepultura\u201d. Ao todo, foram identificadas no cadastramento, 9.175 sepulturas no cemit\u00e9rio Jardim da Paz e 3.673 no cemit\u00e9rio Campo da Paz no bairro Cruzeiro.<\/p>\n\n\n\n<p><\/p>\n","protected":false},"excerpt":{"rendered":"<p>Nesta semana, foi assinado o contrato para a terceiriza\u00e7\u00e3o da manuten\u00e7\u00e3o e limpeza dos cemit\u00e9rios municipais, Jardim da Paz e<\/p>\n","protected":false},"author":6,"featured_media":12659,"comment_status":"closed","ping_status":"closed","sticky":false,"template":"","format":"standard","meta":{"footnotes":""},"categories":[4,23,21],"tags":[],"class_list":["post-12657","post","type-post","status-publish","format-standard","has-post-thumbnail","hentry","category-noticias","category-secretaria-municipal-governanca-gestao","category-secretaria-municipal-de-obras"],"aioseo_notices":[],"_links":{"self":[{"href":"https:\/\/prefeitura.santarosa.rs.gov.br\/index.php?rest_route=\/wp\/v2\/posts\/12657","targetHints":{"allow":["GET"]}}],"collection":[{"href":"https:\/\/prefeitura.santarosa.rs.gov.br\/index.php?rest_route=\/wp\/v2\/posts"}],"about":[{"href":"https:\/\/prefeitura.santarosa.rs.gov.br\/index.php?rest_route=\/wp\/v2\/types\/post"}],"author":[{"embeddable":true,"href":"https:\/\/prefeitura.santarosa.rs.gov.br\/index.php?rest_route=\/wp\/v2\/users\/6"}],"replies":[{"embeddable":true,"href":"https:\/\/prefeitura.santarosa.rs.gov.br\/index.php?rest_route=%2Fwp%2Fv2%2Fcomments&post=12657"}],"version-history":[{"count":2,"href":"https:\/\/prefeitura.santarosa.rs.gov.br\/index.php?rest_route=\/wp\/v2\/posts\/12657\/revisions"}],"predecessor-version":[{"id":12661,"href":"https:\/\/prefeitura.santarosa.rs.gov.br\/index.php?rest_route=\/wp\/v2\/posts\/12657\/revisions\/12661"}],"wp:featuredmedia":[{"embeddable":true,"href":"https:\/\/prefeitura.santarosa.rs.gov.br\/index.php?rest_route=\/wp\/v2\/media\/12659"}],"wp:attachment":[{"href":"https:\/\/prefeitura.santarosa.rs.gov.br\/index.php?rest_route=%2Fwp%2Fv2%2Fmedia&parent=12657"}],"wp:term":[{"taxonomy":"category","embeddable":true,"href":"https:\/\/prefeitura.santarosa.rs.gov.br\/index.php?rest_route=%2Fwp%2Fv2%2Fcategories&post=12657"},{"taxonomy":"post_tag","embeddable":true,"href":"https:\/\/prefeitura.santarosa.rs.gov.br\/index.php?rest_route=%2Fwp%2Fv2%2Ftags&post=12657"}],"curies":[{"name":"wp","href":"https:\/\/api.w.org\/{rel}","templated":true}]}}