{"id":12653,"date":"2025-02-04T17:12:55","date_gmt":"2025-02-04T20:12:55","guid":{"rendered":"https:\/\/prefeitura.santarosa.rs.gov.br\/?p=12653"},"modified":"2025-02-04T17:12:55","modified_gmt":"2025-02-04T20:12:55","slug":"retrospectivas-2024-escolas-municipais-emef-nossa-senhora-da-gloria","status":"publish","type":"post","link":"https:\/\/prefeitura.santarosa.rs.gov.br\/?p=12653","title":{"rendered":"Retrospectivas 2024 Escolas Municipais: EMEF Nossa Senhora da Gl\u00f3ria"},"content":{"rendered":"\n<figure class=\"wp-block-image size-full\"><img fetchpriority=\"high\" decoding=\"async\" width=\"860\" height=\"645\" src=\"https:\/\/prefeitura.santarosa.rs.gov.br\/wp-content\/uploads\/2025\/02\/Formato-Site-e-Portal-860X645-JPG-2025-02-04T171204.635.jpg\" alt=\"\" class=\"wp-image-12654\" srcset=\"https:\/\/prefeitura.santarosa.rs.gov.br\/wp-content\/uploads\/2025\/02\/Formato-Site-e-Portal-860X645-JPG-2025-02-04T171204.635.jpg 860w, https:\/\/prefeitura.santarosa.rs.gov.br\/wp-content\/uploads\/2025\/02\/Formato-Site-e-Portal-860X645-JPG-2025-02-04T171204.635-300x225.jpg 300w, https:\/\/prefeitura.santarosa.rs.gov.br\/wp-content\/uploads\/2025\/02\/Formato-Site-e-Portal-860X645-JPG-2025-02-04T171204.635-768x576.jpg 768w\" sizes=\"(max-width: 860px) 100vw, 860px\" \/><\/figure>\n\n\n\n<p>Com mais de seis d\u00e9cadas de hist\u00f3ria, a Escola Municipal de Ensino Fundamental Nossa Senhora da Gl\u00f3ria, tem contribu\u00eddo para a forma\u00e7\u00e3o integral de centenas de alunos. Atualmente, a EMEF atende 256 estudantes (136 meninos e 120 meninas), do 1\u00ba ao 9\u00ba ano, distribu\u00eddos em 13 turmas. Com uma equipe de 35 profissionais dedicados, a escola se destaca pelo trabalho com metodologias criativas e inovadoras, como projetos de Leitura, que envolvem a cria\u00e7\u00e3o e apresenta\u00e7\u00e3o de curtas-metragens pelos pr\u00f3prios alunos, e iniciativas como Soj\u00e3o (Basquete na Escola), Feira do Conhecimento, Cultura da Paz, Educa\u00e7\u00e3o Ambiental, Tr\u00e2nsito Seguro, Proerd, Tribos, Consci\u00eancia Negra e Ind\u00edgena, al\u00e9m das Oficinas de Flauta Doce e Canto.<\/p>\n\n\n\n<p>Em 2024, a escola obteve \u00f3timos resultados no IDEB, conquistando o 2\u00ba lugar nos Anos Finais e o 3\u00ba lugar nos Anos Iniciais. Um dos maiores destaques foi a vit\u00f3ria da aluna Isadora, que ficou em 1\u00ba lugar no Projeto do Minist\u00e9rio P\u00fablico do Trabalho, na etapa municipal, com o tema: \u201cCombate ao Trabalho Infantil\u201d, na categoria desenho. A escola tamb\u00e9m segue com a participa\u00e7\u00e3o ativa no programa \u201cA Uni\u00e3o Faz a Vida\u201d da Cooperativa Sicredi, que contribui para o desenvolvimento de valores de coopera\u00e7\u00e3o e cidadania entre os alunos. A diretora Fl\u00e1via Alana Winck ressaltou a miss\u00e3o da institui\u00e7\u00e3o de ensino, &#8220;Nosso objetivo \u00e9 oferecer uma educa\u00e7\u00e3o de qualidade, desenvolvendo habilidades e compet\u00eancias essenciais para uma aprendizagem significativa. Queremos tornar nossos alunos protagonistas de seu conhecimento e contribuir para a transforma\u00e7\u00e3o de sua realidade&#8221;.<\/p>\n\n\n\n<p>Ainda em 2024, a escola teve importantes melhorias na infraestrutura. A EMEF foi contemplada com recursos do Fundo Social do Sicredi, e, em parceria com o CPM, construiu um novo espa\u00e7o de conviv\u00eancia para os alunos, com cal\u00e7adas, mesas e banquetas. Para 2025, o objetivo da dire\u00e7\u00e3o \u00e9 dar continuidade aos projetos que v\u00eam sendo desenvolvidos, com foco na melhoria constante da qualidade do ensino e no desenvolvimento de um ambiente escolar cada vez mais inclusivo e motivador.<\/p>\n","protected":false},"excerpt":{"rendered":"<p>Com mais de seis d\u00e9cadas de hist\u00f3ria, a Escola Municipal de Ensino Fundamental Nossa Senhora da Gl\u00f3ria, tem contribu\u00eddo para<\/p>\n","protected":false},"author":6,"featured_media":12655,"comment_status":"closed","ping_status":"closed","sticky":false,"template":"","format":"standard","meta":{"footnotes":""},"categories":[4,18],"tags":[],"class_list":["post-12653","post","type-post","status-publish","format-standard","has-post-thumbnail","hentry","category-noticias","category-secretaria-municipal-de-educacao-e-cultura"],"aioseo_notices":[],"_links":{"self":[{"href":"https:\/\/prefeitura.santarosa.rs.gov.br\/index.php?rest_route=\/wp\/v2\/posts\/12653","targetHints":{"allow":["GET"]}}],"collection":[{"href":"https:\/\/prefeitura.santarosa.rs.gov.br\/index.php?rest_route=\/wp\/v2\/posts"}],"about":[{"href":"https:\/\/prefeitura.santarosa.rs.gov.br\/index.php?rest_route=\/wp\/v2\/types\/post"}],"author":[{"embeddable":true,"href":"https:\/\/prefeitura.santarosa.rs.gov.br\/index.php?rest_route=\/wp\/v2\/users\/6"}],"replies":[{"embeddable":true,"href":"https:\/\/prefeitura.santarosa.rs.gov.br\/index.php?rest_route=%2Fwp%2Fv2%2Fcomments&post=12653"}],"version-history":[{"count":1,"href":"https:\/\/prefeitura.santarosa.rs.gov.br\/index.php?rest_route=\/wp\/v2\/posts\/12653\/revisions"}],"predecessor-version":[{"id":12656,"href":"https:\/\/prefeitura.santarosa.rs.gov.br\/index.php?rest_route=\/wp\/v2\/posts\/12653\/revisions\/12656"}],"wp:featuredmedia":[{"embeddable":true,"href":"https:\/\/prefeitura.santarosa.rs.gov.br\/index.php?rest_route=\/wp\/v2\/media\/12655"}],"wp:attachment":[{"href":"https:\/\/prefeitura.santarosa.rs.gov.br\/index.php?rest_route=%2Fwp%2Fv2%2Fmedia&parent=12653"}],"wp:term":[{"taxonomy":"category","embeddable":true,"href":"https:\/\/prefeitura.santarosa.rs.gov.br\/index.php?rest_route=%2Fwp%2Fv2%2Fcategories&post=12653"},{"taxonomy":"post_tag","embeddable":true,"href":"https:\/\/prefeitura.santarosa.rs.gov.br\/index.php?rest_route=%2Fwp%2Fv2%2Ftags&post=12653"}],"curies":[{"name":"wp","href":"https:\/\/api.w.org\/{rel}","templated":true}]}}