{"id":1265,"date":"2021-07-06T17:09:00","date_gmt":"2021-07-06T20:09:00","guid":{"rendered":"https:\/\/prefeitura.santarosa.rs.gov.br\/?p=1265"},"modified":"2024-10-07T09:55:01","modified_gmt":"2024-10-07T12:55:01","slug":"santa-rosa-inicia-amanha-vacinacao-para-pessoas-a-partir-dos-40-anos","status":"publish","type":"post","link":"https:\/\/prefeitura.santarosa.rs.gov.br\/?p=1265","title":{"rendered":"Santa Rosa inicia amanh\u00e3 vacina\u00e7\u00e3o para pessoas a partir dos 40 anos"},"content":{"rendered":"\n<p>A aplica\u00e7\u00e3o das doses ser\u00e1 feita em todas as Unidades B\u00e1sicas de Sa\u00fade at\u00e9 terminarem os estoques.<\/p>\n\n\n\n<p>Est\u00e1 previsto para hoje \u00e0 noite, a chegada de 2.297 novas doses da vacina contra a COVID-19. A partir de amanh\u00e3, 07\/07, quarta-feira, \u00e0s 13h30, iremos avan\u00e7ar na vacina\u00e7\u00e3o por faixa et\u00e1ria. Ser\u00e3o vacinadas pessoas a partir dos 40 anos.<br><br>A aplica\u00e7\u00e3o das doses ser\u00e1 feita em todas as Unidades B\u00e1sicas de Sa\u00fade at\u00e9 terminarem os estoques. O atendimento ser\u00e1 mediante agendamento pr\u00e9vio por telefone ou presencial. Todos que forem se vacinar precisam levar documento com foto, CPF, cart\u00e3o SUS e se poss\u00edvel caderneta de vacina\u00e7\u00e3o.<br><br>Santa Rosa j\u00e1 aplicou at\u00e9 o momento, 44.764 doses. Do total, 32.844 foram de D1, essa quantidade corresponde a 44,8% da popula\u00e7\u00e3o vacinada, 11.153 de D2 e 767 de Dose \u00fanica, sendo assim temos 16,2% da popula\u00e7\u00e3o com a imuniza\u00e7\u00e3o completa.<br><br>* Importante: Pessoas que se vacinaram contra a Influenza (GRIPE) precisam aguardar o prazo de 14 dias para poder receber a vacina contra a COVID-19.<\/p>\n","protected":false},"excerpt":{"rendered":"<p>A aplica\u00e7\u00e3o das doses ser\u00e1 feita em todas as Unidades B\u00e1sicas de Sa\u00fade at\u00e9 terminarem os estoques. Est\u00e1 previsto para<\/p>\n","protected":false},"author":3,"featured_media":1266,"comment_status":"open","ping_status":"open","sticky":false,"template":"","format":"standard","meta":{"footnotes":""},"categories":[6,4,8],"tags":[],"class_list":["post-1265","post","type-post","status-publish","format-standard","has-post-thumbnail","hentry","category-covid-19","category-noticias","category-noticias-fumssar"],"aioseo_notices":[],"_links":{"self":[{"href":"https:\/\/prefeitura.santarosa.rs.gov.br\/index.php?rest_route=\/wp\/v2\/posts\/1265","targetHints":{"allow":["GET"]}}],"collection":[{"href":"https:\/\/prefeitura.santarosa.rs.gov.br\/index.php?rest_route=\/wp\/v2\/posts"}],"about":[{"href":"https:\/\/prefeitura.santarosa.rs.gov.br\/index.php?rest_route=\/wp\/v2\/types\/post"}],"author":[{"embeddable":true,"href":"https:\/\/prefeitura.santarosa.rs.gov.br\/index.php?rest_route=\/wp\/v2\/users\/3"}],"replies":[{"embeddable":true,"href":"https:\/\/prefeitura.santarosa.rs.gov.br\/index.php?rest_route=%2Fwp%2Fv2%2Fcomments&post=1265"}],"version-history":[{"count":1,"href":"https:\/\/prefeitura.santarosa.rs.gov.br\/index.php?rest_route=\/wp\/v2\/posts\/1265\/revisions"}],"predecessor-version":[{"id":1267,"href":"https:\/\/prefeitura.santarosa.rs.gov.br\/index.php?rest_route=\/wp\/v2\/posts\/1265\/revisions\/1267"}],"wp:featuredmedia":[{"embeddable":true,"href":"https:\/\/prefeitura.santarosa.rs.gov.br\/index.php?rest_route=\/wp\/v2\/media\/1266"}],"wp:attachment":[{"href":"https:\/\/prefeitura.santarosa.rs.gov.br\/index.php?rest_route=%2Fwp%2Fv2%2Fmedia&parent=1265"}],"wp:term":[{"taxonomy":"category","embeddable":true,"href":"https:\/\/prefeitura.santarosa.rs.gov.br\/index.php?rest_route=%2Fwp%2Fv2%2Fcategories&post=1265"},{"taxonomy":"post_tag","embeddable":true,"href":"https:\/\/prefeitura.santarosa.rs.gov.br\/index.php?rest_route=%2Fwp%2Fv2%2Ftags&post=1265"}],"curies":[{"name":"wp","href":"https:\/\/api.w.org\/{rel}","templated":true}]}}