{"id":12646,"date":"2025-02-04T14:52:38","date_gmt":"2025-02-04T17:52:38","guid":{"rendered":"https:\/\/prefeitura.santarosa.rs.gov.br\/?p=12646"},"modified":"2025-02-04T14:52:38","modified_gmt":"2025-02-04T17:52:38","slug":"retrospectivas-2024-escolas-municipais-emei-mundo-encantado","status":"publish","type":"post","link":"https:\/\/prefeitura.santarosa.rs.gov.br\/?p=12646","title":{"rendered":"Retrospectivas 2024 Escolas Municipais: EMEI Mundo Encantado"},"content":{"rendered":"\n<figure class=\"wp-block-image size-full\"><img fetchpriority=\"high\" decoding=\"async\" width=\"860\" height=\"645\" src=\"https:\/\/prefeitura.santarosa.rs.gov.br\/wp-content\/uploads\/2025\/02\/Formato-Site-e-Portal-860X645-JPG-2025-02-04T145151.487.jpg\" alt=\"\" class=\"wp-image-12647\" srcset=\"https:\/\/prefeitura.santarosa.rs.gov.br\/wp-content\/uploads\/2025\/02\/Formato-Site-e-Portal-860X645-JPG-2025-02-04T145151.487.jpg 860w, https:\/\/prefeitura.santarosa.rs.gov.br\/wp-content\/uploads\/2025\/02\/Formato-Site-e-Portal-860X645-JPG-2025-02-04T145151.487-300x225.jpg 300w, https:\/\/prefeitura.santarosa.rs.gov.br\/wp-content\/uploads\/2025\/02\/Formato-Site-e-Portal-860X645-JPG-2025-02-04T145151.487-768x576.jpg 768w\" sizes=\"(max-width: 860px) 100vw, 860px\" \/><\/figure>\n\n\n\n<p>A Escola Municipal de Educa\u00e7\u00e3o Infantil Mundo Encantado completou 21 anos de hist\u00f3ria em 2024. Com 110 alunos matriculados (58 meninos e 52 meninas), atendidos em seis turmas de ber\u00e7\u00e1rio a maternal, a EMEI seguiu a miss\u00e3o de promover uma educa\u00e7\u00e3o de qualidade. Durante o ano, v\u00e1rias a\u00e7\u00f5es importantes foram realizadas. A instala\u00e7\u00e3o do port\u00e3o eletr\u00f4nico e do sistema de monitoramento foram conquistas importantes, garantindo mais seguran\u00e7a para alunos e toda a equipe escolar. Outro marco foi a implementa\u00e7\u00e3o do Sol\u00e1rio, viabilizado atrav\u00e9s de recursos do Fundo Social do Sicredi e com o apoio da APM. Um espa\u00e7o pensado para proporcionar mais conforto aos beb\u00eas da escola.<\/p>\n\n\n\n<p>Outra a\u00e7\u00e3o que teve grande participa\u00e7\u00e3o dos alunos foi o desfile de 7 de setembro, que uniu a comunidade escolar em uma celebra\u00e7\u00e3o de for\u00e7a, civismo e esperan\u00e7a. A Diretora Franciele Luana Meinerz Rohden, destacou o trabalho em equipe, \u201cEncerramos 2024 com o cora\u00e7\u00e3o cheio de gratid\u00e3o e orgulho por todas as conquistas que alcan\u00e7amos juntos. Para 2025, renovamos nosso compromisso com a qualidade da educa\u00e7\u00e3o e o bem-estar das nossas crian\u00e7as, sempre pensando em oferecer um ambiente acolhedor e seguro para o desenvolvimento de todos os alunos\u201d.<\/p>\n\n\n\n<p>Para 2025, a equipe da EMEI Mundo Encantado pretende iniciar novos projetos educacionais focados no desenvolvimento integral dos alunos, bem como, melhorias na infraestrutura. A escola fica localizada na Rua S\u00e3o Lucas, n\u00ba 125, Vila Iban\u00eas, no bairro Cruzeiro.<\/p>\n","protected":false},"excerpt":{"rendered":"<p>A Escola Municipal de Educa\u00e7\u00e3o Infantil Mundo Encantado completou 21 anos de hist\u00f3ria em 2024. Com 110 alunos matriculados (58<\/p>\n","protected":false},"author":6,"featured_media":12648,"comment_status":"closed","ping_status":"closed","sticky":false,"template":"","format":"standard","meta":{"footnotes":""},"categories":[4,18],"tags":[],"class_list":["post-12646","post","type-post","status-publish","format-standard","has-post-thumbnail","hentry","category-noticias","category-secretaria-municipal-de-educacao-e-cultura"],"aioseo_notices":[],"_links":{"self":[{"href":"https:\/\/prefeitura.santarosa.rs.gov.br\/index.php?rest_route=\/wp\/v2\/posts\/12646","targetHints":{"allow":["GET"]}}],"collection":[{"href":"https:\/\/prefeitura.santarosa.rs.gov.br\/index.php?rest_route=\/wp\/v2\/posts"}],"about":[{"href":"https:\/\/prefeitura.santarosa.rs.gov.br\/index.php?rest_route=\/wp\/v2\/types\/post"}],"author":[{"embeddable":true,"href":"https:\/\/prefeitura.santarosa.rs.gov.br\/index.php?rest_route=\/wp\/v2\/users\/6"}],"replies":[{"embeddable":true,"href":"https:\/\/prefeitura.santarosa.rs.gov.br\/index.php?rest_route=%2Fwp%2Fv2%2Fcomments&post=12646"}],"version-history":[{"count":1,"href":"https:\/\/prefeitura.santarosa.rs.gov.br\/index.php?rest_route=\/wp\/v2\/posts\/12646\/revisions"}],"predecessor-version":[{"id":12649,"href":"https:\/\/prefeitura.santarosa.rs.gov.br\/index.php?rest_route=\/wp\/v2\/posts\/12646\/revisions\/12649"}],"wp:featuredmedia":[{"embeddable":true,"href":"https:\/\/prefeitura.santarosa.rs.gov.br\/index.php?rest_route=\/wp\/v2\/media\/12648"}],"wp:attachment":[{"href":"https:\/\/prefeitura.santarosa.rs.gov.br\/index.php?rest_route=%2Fwp%2Fv2%2Fmedia&parent=12646"}],"wp:term":[{"taxonomy":"category","embeddable":true,"href":"https:\/\/prefeitura.santarosa.rs.gov.br\/index.php?rest_route=%2Fwp%2Fv2%2Fcategories&post=12646"},{"taxonomy":"post_tag","embeddable":true,"href":"https:\/\/prefeitura.santarosa.rs.gov.br\/index.php?rest_route=%2Fwp%2Fv2%2Ftags&post=12646"}],"curies":[{"name":"wp","href":"https:\/\/api.w.org\/{rel}","templated":true}]}}