{"id":12638,"date":"2025-02-03T16:22:20","date_gmt":"2025-02-03T19:22:20","guid":{"rendered":"https:\/\/prefeitura.santarosa.rs.gov.br\/?p=12638"},"modified":"2025-02-03T16:22:20","modified_gmt":"2025-02-03T19:22:20","slug":"apresentada-a-1a-fase-do-plano-de-mobilidade-urbana","status":"publish","type":"post","link":"https:\/\/prefeitura.santarosa.rs.gov.br\/?p=12638","title":{"rendered":"Apresentada a 1\u00aa fase do Plano de Mobilidade Urbana"},"content":{"rendered":"\n<figure class=\"wp-block-image size-full\"><img fetchpriority=\"high\" decoding=\"async\" width=\"860\" height=\"645\" src=\"https:\/\/prefeitura.santarosa.rs.gov.br\/wp-content\/uploads\/2025\/02\/Formato-Site-e-Portal-860X645-JPG-2025-02-03T161112.499.jpg\" alt=\"\" class=\"wp-image-12639\" srcset=\"https:\/\/prefeitura.santarosa.rs.gov.br\/wp-content\/uploads\/2025\/02\/Formato-Site-e-Portal-860X645-JPG-2025-02-03T161112.499.jpg 860w, https:\/\/prefeitura.santarosa.rs.gov.br\/wp-content\/uploads\/2025\/02\/Formato-Site-e-Portal-860X645-JPG-2025-02-03T161112.499-300x225.jpg 300w, https:\/\/prefeitura.santarosa.rs.gov.br\/wp-content\/uploads\/2025\/02\/Formato-Site-e-Portal-860X645-JPG-2025-02-03T161112.499-768x576.jpg 768w\" sizes=\"(max-width: 860px) 100vw, 860px\" \/><\/figure>\n\n\n\n<p>Nesta segunda-feira (03), foi apresentada a 1\u00aa etapa de implanta\u00e7\u00e3o do Plano de Mobilidade Urbana (PMOB). Nele, constam significativas altera\u00e7\u00f5es no centro e na Expedicion\u00e1rio Weber. O projeto est\u00e1 em fase de licita\u00e7\u00e3o. O investimento, para todas as obras de altera\u00e7\u00f5es, \u00e9 de cerca de R$ 12 milh\u00f5es. As mudan\u00e7as devem come\u00e7ar em 90 dias.<\/p>\n\n\n\n<p>A Avenida Rio Branco passar\u00e1 a ser m\u00e3o \u00fanica, s\u00f3 descendo da Feira (Mercado P\u00fablico) at\u00e9 a r\u00f3tula da Colombo. A Av. Expedicion\u00e1rio Weber tamb\u00e9m ter\u00e1 dois trechos, entre a r\u00f3tula do Taffarel e a r\u00f3tula do Nacional e entre o quartel e a Havan, que ser\u00e3o m\u00e3o \u00fanica, mantendo as 4 pistas da avenida no sentido indo do centro para o bairro. Para quem for voltar para centro, a via \u00fanica ser\u00e1 na rua Cruzeiro do Sul (em frente \u00e0 Havan), seguindo at\u00e9 o quartel. O prefeito Anderson Mantei, destacou que todas essas modifica\u00e7\u00f5es visam melhorar a mobilidade e tamb\u00e9m o desenvolvimento cont\u00ednuo da cidade, \u201cTodas as mudan\u00e7as s\u00e3o baseadas em um estudo de 2 anos, de engenheiros especialistas na \u00e1rea de tr\u00e2nsito. Vamos melhorar nossa mobilidade, e com certeza, vamos estar com uma infraestrutura adequada para todo o processo de pleno desenvolvimento e crescimento que estamos passando\u201d.<\/p>\n\n\n\n<p>Outra novidade ser\u00e1 a amplia\u00e7\u00e3o da Travessa Expedicion\u00e1rio Izidro Leal, que ter\u00e1 amplia\u00e7\u00e3o de 6 metros, passando a ter 3 vias (em frente \u00e0 pista do quartel). Na sequ\u00eancia, ap\u00f3s o quartel, o motorista poder\u00e1 dobrar \u00e0 direita (indo para a frente do quartel), ou poder\u00e1 seguir pela Expedicion\u00e1rio Weber, ou ainda, seguir por uma nova rua que ser\u00e1 constru\u00edda por tr\u00e1s do Posto Schneider, cruzando por tr\u00e1s da Janeco, Sul Cores e chegando pr\u00f3ximo do Mercado P\u00fablico. Demais mudan\u00e7as podem ser conferidas em dois v\u00eddeos disponibilizados hoje nas redes da Prefeitura.<\/p>\n\n\n\n<p>O Plano de Mobilidade foi elaborado em 2023, pela Fundatec. A partir disso, foram estabelecidas as diretrizes gerais de mobilidade e os pontos cr\u00edticos que necessitam de interven\u00e7\u00e3o. O PMOB virou decreto. Agora, a Prefeitura deve seguir as indica\u00e7\u00f5es estabelecidas por uma empresa t\u00e9cnica em Engenharia de Tr\u00e2nsito. Em 2024, a Fundatec foi contratada para elabora\u00e7\u00e3o dos projetos t\u00e9cnicos de implanta\u00e7\u00e3o de parte do plano. A primeira etapa foi apresentada nesta segunda-feira (03), pelo Prefeito Anderson Mantei, na Acisap. Participaram autoridades e entidades. A obra dessa 1\u00aa etapa deve durar 12 meses.<\/p>\n","protected":false},"excerpt":{"rendered":"<p>Nesta segunda-feira (03), foi apresentada a 1\u00aa etapa de implanta\u00e7\u00e3o do Plano de Mobilidade Urbana (PMOB). Nele, constam significativas altera\u00e7\u00f5es<\/p>\n","protected":false},"author":6,"featured_media":12640,"comment_status":"closed","ping_status":"closed","sticky":false,"template":"","format":"standard","meta":{"footnotes":""},"categories":[4,27],"tags":[],"class_list":["post-12638","post","type-post","status-publish","format-standard","has-post-thumbnail","hentry","category-noticias","category-secretaria-municipal-de-mobilidade-urbana"],"aioseo_notices":[],"_links":{"self":[{"href":"https:\/\/prefeitura.santarosa.rs.gov.br\/index.php?rest_route=\/wp\/v2\/posts\/12638","targetHints":{"allow":["GET"]}}],"collection":[{"href":"https:\/\/prefeitura.santarosa.rs.gov.br\/index.php?rest_route=\/wp\/v2\/posts"}],"about":[{"href":"https:\/\/prefeitura.santarosa.rs.gov.br\/index.php?rest_route=\/wp\/v2\/types\/post"}],"author":[{"embeddable":true,"href":"https:\/\/prefeitura.santarosa.rs.gov.br\/index.php?rest_route=\/wp\/v2\/users\/6"}],"replies":[{"embeddable":true,"href":"https:\/\/prefeitura.santarosa.rs.gov.br\/index.php?rest_route=%2Fwp%2Fv2%2Fcomments&post=12638"}],"version-history":[{"count":1,"href":"https:\/\/prefeitura.santarosa.rs.gov.br\/index.php?rest_route=\/wp\/v2\/posts\/12638\/revisions"}],"predecessor-version":[{"id":12641,"href":"https:\/\/prefeitura.santarosa.rs.gov.br\/index.php?rest_route=\/wp\/v2\/posts\/12638\/revisions\/12641"}],"wp:featuredmedia":[{"embeddable":true,"href":"https:\/\/prefeitura.santarosa.rs.gov.br\/index.php?rest_route=\/wp\/v2\/media\/12640"}],"wp:attachment":[{"href":"https:\/\/prefeitura.santarosa.rs.gov.br\/index.php?rest_route=%2Fwp%2Fv2%2Fmedia&parent=12638"}],"wp:term":[{"taxonomy":"category","embeddable":true,"href":"https:\/\/prefeitura.santarosa.rs.gov.br\/index.php?rest_route=%2Fwp%2Fv2%2Fcategories&post=12638"},{"taxonomy":"post_tag","embeddable":true,"href":"https:\/\/prefeitura.santarosa.rs.gov.br\/index.php?rest_route=%2Fwp%2Fv2%2Ftags&post=12638"}],"curies":[{"name":"wp","href":"https:\/\/api.w.org\/{rel}","templated":true}]}}