{"id":12634,"date":"2025-02-03T15:03:32","date_gmt":"2025-02-03T18:03:32","guid":{"rendered":"https:\/\/prefeitura.santarosa.rs.gov.br\/?p=12634"},"modified":"2025-02-03T15:03:32","modified_gmt":"2025-02-03T18:03:32","slug":"formacao-pedagogica-para-os-servidores-da-educacao","status":"publish","type":"post","link":"https:\/\/prefeitura.santarosa.rs.gov.br\/?p=12634","title":{"rendered":"Forma\u00e7\u00e3o Pedag\u00f3gica para os servidores da educa\u00e7\u00e3o"},"content":{"rendered":"\n<figure class=\"wp-block-image size-full\"><img fetchpriority=\"high\" decoding=\"async\" width=\"860\" height=\"645\" src=\"https:\/\/prefeitura.santarosa.rs.gov.br\/wp-content\/uploads\/2025\/02\/Formato-Site-e-Portal-860X645-JPG-2025-02-03T145037.130.jpg\" alt=\"\" class=\"wp-image-12635\" srcset=\"https:\/\/prefeitura.santarosa.rs.gov.br\/wp-content\/uploads\/2025\/02\/Formato-Site-e-Portal-860X645-JPG-2025-02-03T145037.130.jpg 860w, https:\/\/prefeitura.santarosa.rs.gov.br\/wp-content\/uploads\/2025\/02\/Formato-Site-e-Portal-860X645-JPG-2025-02-03T145037.130-300x225.jpg 300w, https:\/\/prefeitura.santarosa.rs.gov.br\/wp-content\/uploads\/2025\/02\/Formato-Site-e-Portal-860X645-JPG-2025-02-03T145037.130-768x576.jpg 768w\" sizes=\"(max-width: 860px) 100vw, 860px\" \/><\/figure>\n\n\n\n<p>H\u00e1 poucos de dias do in\u00edcio do pr\u00f3ximo ano letivo, os servidores da educa\u00e7\u00e3o come\u00e7aram nesta segunda-feira (03), uma forma\u00e7\u00e3o pedag\u00f3gica continuada. O evento aconteceu no Centro C\u00edvico Ant\u00f4nio Carlos Borges e contou com a presen\u00e7a de autoridades, professores, monitores e demais servidores das escolas que fazem parte da Rede Municipal de Ensino. Cerca de 800 profissionais participaram das atividades.<\/p>\n\n\n\n<p>O encontro iniciou com o palestrante convidado Beto Grasel, que possui uma carreira de mais de 20 anos, tendo realizado centenas de eventos pelo Brasil. Com experi\u00eancia nas \u00e1reas de gest\u00e3o de pessoas, relacionamento humano, comportamento e lideran\u00e7a, ele abordou o tema com foco motivacional: \u201cProfissional da educa\u00e7\u00e3o, lealdade de alma e cora\u00e7\u00e3o\u201d. A forma\u00e7\u00e3o tem o objetivo de promover uma melhoria cont\u00ednua na qualifica\u00e7\u00e3o dos profissionais que atuam na \u00e1rea do ensino. A Secret\u00e1ria de Educa\u00e7\u00e3o, Josyane Heck, destacou a import\u00e2ncia deste novo ciclo, \u201cIniciamos um novo ano repleto de oportunidades para impulsionarmos o conhecimento e estimularmos a aprendizagem dos nossos alunos. Que a gente possa ter um ano letivo cheio de entusiasmo e com o foco voltado para o bem-estar e o pleno desenvolvimento das crian\u00e7as e adolescentes que frequentam as escolas da Rede Municipal de Ensino\u201d.<\/p>\n\n\n\n<p>A forma\u00e7\u00e3o segue acontecendo no decorrer da semana, nos dias 4 e 5 de fevereiro, com diversas atividades para os profissionais. O ano letivo com o atendimento para os alunos inicia na pr\u00f3xima segunda-feira (10\/02). A Rede Municipal conta com mais de 7 mil estudantes, nas 34 escolas da Rede Municipal de Ensino, sendo 21 escolas de Educa\u00e7\u00e3o Infantil (EMEIs) e 13 escolas de Ensino Fundamental (EMEFs).<\/p>\n\n\n\n<p><\/p>\n","protected":false},"excerpt":{"rendered":"<p>H\u00e1 poucos de dias do in\u00edcio do pr\u00f3ximo ano letivo, os servidores da educa\u00e7\u00e3o come\u00e7aram nesta segunda-feira (03), uma forma\u00e7\u00e3o<\/p>\n","protected":false},"author":6,"featured_media":12636,"comment_status":"closed","ping_status":"closed","sticky":false,"template":"","format":"standard","meta":{"footnotes":""},"categories":[4,18],"tags":[],"class_list":["post-12634","post","type-post","status-publish","format-standard","has-post-thumbnail","hentry","category-noticias","category-secretaria-municipal-de-educacao-e-cultura"],"aioseo_notices":[],"_links":{"self":[{"href":"https:\/\/prefeitura.santarosa.rs.gov.br\/index.php?rest_route=\/wp\/v2\/posts\/12634","targetHints":{"allow":["GET"]}}],"collection":[{"href":"https:\/\/prefeitura.santarosa.rs.gov.br\/index.php?rest_route=\/wp\/v2\/posts"}],"about":[{"href":"https:\/\/prefeitura.santarosa.rs.gov.br\/index.php?rest_route=\/wp\/v2\/types\/post"}],"author":[{"embeddable":true,"href":"https:\/\/prefeitura.santarosa.rs.gov.br\/index.php?rest_route=\/wp\/v2\/users\/6"}],"replies":[{"embeddable":true,"href":"https:\/\/prefeitura.santarosa.rs.gov.br\/index.php?rest_route=%2Fwp%2Fv2%2Fcomments&post=12634"}],"version-history":[{"count":1,"href":"https:\/\/prefeitura.santarosa.rs.gov.br\/index.php?rest_route=\/wp\/v2\/posts\/12634\/revisions"}],"predecessor-version":[{"id":12637,"href":"https:\/\/prefeitura.santarosa.rs.gov.br\/index.php?rest_route=\/wp\/v2\/posts\/12634\/revisions\/12637"}],"wp:featuredmedia":[{"embeddable":true,"href":"https:\/\/prefeitura.santarosa.rs.gov.br\/index.php?rest_route=\/wp\/v2\/media\/12636"}],"wp:attachment":[{"href":"https:\/\/prefeitura.santarosa.rs.gov.br\/index.php?rest_route=%2Fwp%2Fv2%2Fmedia&parent=12634"}],"wp:term":[{"taxonomy":"category","embeddable":true,"href":"https:\/\/prefeitura.santarosa.rs.gov.br\/index.php?rest_route=%2Fwp%2Fv2%2Fcategories&post=12634"},{"taxonomy":"post_tag","embeddable":true,"href":"https:\/\/prefeitura.santarosa.rs.gov.br\/index.php?rest_route=%2Fwp%2Fv2%2Ftags&post=12634"}],"curies":[{"name":"wp","href":"https:\/\/api.w.org\/{rel}","templated":true}]}}