{"id":12628,"date":"2025-01-30T15:08:56","date_gmt":"2025-01-30T18:08:56","guid":{"rendered":"https:\/\/prefeitura.santarosa.rs.gov.br\/?p=12628"},"modified":"2025-02-20T15:23:53","modified_gmt":"2025-02-20T18:23:53","slug":"a-prefeitura-de-santa-rosa-rs-por-meio-da-secretaria-municipal-de-educacao-e-cultura-informa-que-estao-abertas-as-inscricoes-ate-o-dia-18-02-para-selecao-de-expositores-livreiros-na-20a-feira-do-liv","status":"publish","type":"post","link":"https:\/\/prefeitura.santarosa.rs.gov.br\/?p=12628","title":{"rendered":"Inscri\u00e7\u00f5es Abertas para Expositores na 20\u00aa Feira do Livro de Santa Rosa"},"content":{"rendered":"\n<p>\u200b<\/p>\n\n\n\n<p><\/p>\n\n\n\n<figure class=\"wp-block-image size-large\"><img fetchpriority=\"high\" decoding=\"async\" width=\"1024\" height=\"768\" src=\"https:\/\/prefeitura.santarosa.rs.gov.br\/wp-content\/uploads\/2025\/01\/Formato-Site-e-Portal-860X645-JPG-2025-01-30T145732.114-1024x768.jpg\" alt=\"\" class=\"wp-image-12629\" srcset=\"https:\/\/prefeitura.santarosa.rs.gov.br\/wp-content\/uploads\/2025\/01\/Formato-Site-e-Portal-860X645-JPG-2025-01-30T145732.114-1024x768.jpg 1024w, https:\/\/prefeitura.santarosa.rs.gov.br\/wp-content\/uploads\/2025\/01\/Formato-Site-e-Portal-860X645-JPG-2025-01-30T145732.114-300x225.jpg 300w, https:\/\/prefeitura.santarosa.rs.gov.br\/wp-content\/uploads\/2025\/01\/Formato-Site-e-Portal-860X645-JPG-2025-01-30T145732.114-768x576.jpg 768w, https:\/\/prefeitura.santarosa.rs.gov.br\/wp-content\/uploads\/2025\/01\/Formato-Site-e-Portal-860X645-JPG-2025-01-30T145732.114-1536x1152.jpg 1536w, https:\/\/prefeitura.santarosa.rs.gov.br\/wp-content\/uploads\/2025\/01\/Formato-Site-e-Portal-860X645-JPG-2025-01-30T145732.114-2048x1536.jpg 2048w\" sizes=\"(max-width: 1024px) 100vw, 1024px\" \/><\/figure>\n\n\n\n<p>A Prefeitura de Santa Rosa\/RS, por meio da Secretaria Municipal de Educa\u00e7\u00e3o e Cultura, informa que est\u00e3o abertas as inscri\u00e7\u00f5es at\u00e9 o dia 18\/02 para sele\u00e7\u00e3o de expositores\/livreiros na 20\u00aa Feira do Livro &#8211; 2025.<\/p>\n\n\n\n<p>Ser\u00e3o selecionados 11 expositores para a comercializa\u00e7\u00e3o de livros no evento.<\/p>\n\n\n\n<p>A 20\u00aa Feira do Livro 2025 vai acontecer de 09 a 15 de abril, em frente ao Centro C\u00edvico e Cultural Ant\u00f4nio Carlos Borges. V\u00e1rias atividades est\u00e3o sendo organizadas no entorno da feira. Para mais informa\u00e7\u00f5es, contatar o Departamento de Cultura pelo telefone: (55) 3511-5112.<\/p>\n\n\n\n<p>Est\u00e1 dispon\u00edvel no Portal do Cidad\u00e3o, o extrato, e o edital.<\/p>\n\n\n\n<p><a href=\"https:\/\/santarosa.atende.net\/cidadao\/pagina\/20-feira-do-livro-2025\">https:\/\/santarosa.atende.net\/cidadao\/pagina\/20-feira-do-livro-2025<\/a><\/p>\n","protected":false},"excerpt":{"rendered":"<p>\u200b A Prefeitura de Santa Rosa\/RS, por meio da Secretaria Municipal de Educa\u00e7\u00e3o e Cultura, informa que est\u00e3o abertas as<\/p>\n","protected":false},"author":6,"featured_media":12630,"comment_status":"closed","ping_status":"closed","sticky":false,"template":"","format":"standard","meta":{"footnotes":""},"categories":[4,18],"tags":[],"class_list":["post-12628","post","type-post","status-publish","format-standard","has-post-thumbnail","hentry","category-noticias","category-secretaria-municipal-de-educacao-e-cultura"],"aioseo_notices":[],"_links":{"self":[{"href":"https:\/\/prefeitura.santarosa.rs.gov.br\/index.php?rest_route=\/wp\/v2\/posts\/12628","targetHints":{"allow":["GET"]}}],"collection":[{"href":"https:\/\/prefeitura.santarosa.rs.gov.br\/index.php?rest_route=\/wp\/v2\/posts"}],"about":[{"href":"https:\/\/prefeitura.santarosa.rs.gov.br\/index.php?rest_route=\/wp\/v2\/types\/post"}],"author":[{"embeddable":true,"href":"https:\/\/prefeitura.santarosa.rs.gov.br\/index.php?rest_route=\/wp\/v2\/users\/6"}],"replies":[{"embeddable":true,"href":"https:\/\/prefeitura.santarosa.rs.gov.br\/index.php?rest_route=%2Fwp%2Fv2%2Fcomments&post=12628"}],"version-history":[{"count":2,"href":"https:\/\/prefeitura.santarosa.rs.gov.br\/index.php?rest_route=\/wp\/v2\/posts\/12628\/revisions"}],"predecessor-version":[{"id":12633,"href":"https:\/\/prefeitura.santarosa.rs.gov.br\/index.php?rest_route=\/wp\/v2\/posts\/12628\/revisions\/12633"}],"wp:featuredmedia":[{"embeddable":true,"href":"https:\/\/prefeitura.santarosa.rs.gov.br\/index.php?rest_route=\/wp\/v2\/media\/12630"}],"wp:attachment":[{"href":"https:\/\/prefeitura.santarosa.rs.gov.br\/index.php?rest_route=%2Fwp%2Fv2%2Fmedia&parent=12628"}],"wp:term":[{"taxonomy":"category","embeddable":true,"href":"https:\/\/prefeitura.santarosa.rs.gov.br\/index.php?rest_route=%2Fwp%2Fv2%2Fcategories&post=12628"},{"taxonomy":"post_tag","embeddable":true,"href":"https:\/\/prefeitura.santarosa.rs.gov.br\/index.php?rest_route=%2Fwp%2Fv2%2Ftags&post=12628"}],"curies":[{"name":"wp","href":"https:\/\/api.w.org\/{rel}","templated":true}]}}