{"id":12624,"date":"2025-01-30T14:38:03","date_gmt":"2025-01-30T17:38:03","guid":{"rendered":"https:\/\/prefeitura.santarosa.rs.gov.br\/?p=12624"},"modified":"2025-02-20T15:24:07","modified_gmt":"2025-02-20T18:24:07","slug":"encontro-preparatorio-para-feira-do-livro-de-santa-rosa","status":"publish","type":"post","link":"https:\/\/prefeitura.santarosa.rs.gov.br\/?p=12624","title":{"rendered":"Encontro preparat\u00f3rio para Feira do Livro de Santa Rosa"},"content":{"rendered":"\n<figure class=\"wp-block-image size-full\"><img fetchpriority=\"high\" decoding=\"async\" width=\"860\" height=\"645\" src=\"https:\/\/prefeitura.santarosa.rs.gov.br\/wp-content\/uploads\/2025\/01\/Formato-Site-e-Portal-860X645-JPG-2025-01-30T143344.893.jpg\" alt=\"\" class=\"wp-image-12625\" srcset=\"https:\/\/prefeitura.santarosa.rs.gov.br\/wp-content\/uploads\/2025\/01\/Formato-Site-e-Portal-860X645-JPG-2025-01-30T143344.893.jpg 860w, https:\/\/prefeitura.santarosa.rs.gov.br\/wp-content\/uploads\/2025\/01\/Formato-Site-e-Portal-860X645-JPG-2025-01-30T143344.893-300x225.jpg 300w, https:\/\/prefeitura.santarosa.rs.gov.br\/wp-content\/uploads\/2025\/01\/Formato-Site-e-Portal-860X645-JPG-2025-01-30T143344.893-768x576.jpg 768w\" sizes=\"(max-width: 860px) 100vw, 860px\" \/><\/figure>\n\n\n\n<p>Nesta semana, ocorreu um encontro entre as institui\u00e7\u00f5es organizadoras da Feira do Livro de Santa Rosa. Participaram da atividade um grupo de volunt\u00e1rios e profissionais da Secretaria de Educa\u00e7\u00e3o. O objetivo foi aprimorar a programa\u00e7\u00e3o do evento e expandir o impacto na comunidade.<br>O principal foco da reuni\u00e3o foi ajustar as novas datas e os pr\u00f3ximos passos da Feira, com um olhar atento ao futuro digital do evento. A troca de ideias e sugest\u00f5es entre os participantes visou adaptar a tradicional feira para os novos tempos, explorando possibilidades que conectem ainda mais a popula\u00e7\u00e3o de Santa Rosa com o mundo liter\u00e1rio e cultural. Uma das grandes novidades deste ano ser\u00e1 a uni\u00e3o da Feira do Livro com as celebra\u00e7\u00f5es da P\u00e1scoa. Essa jun\u00e7\u00e3o promete trazer uma experi\u00eancia \u00fanica para os visitantes, oferecendo n\u00e3o apenas uma rica programa\u00e7\u00e3o liter\u00e1ria, mas tamb\u00e9m uma s\u00e9rie de atividades culturais e recreativas. A expectativa \u00e9 que essa nova abordagem gere um olhar renovado sobre o evento, fortalecendo ainda mais a presen\u00e7a da Feira no calend\u00e1rio cultural da cidade.<br>A colabora\u00e7\u00e3o entre as institui\u00e7\u00f5es organizadoras e os volunt\u00e1rios reflete o comprometimento de todos em transformar a Feira do Livro em um evento cada vez mais inclusivo, din\u00e2mico e inovador.<\/p>\n","protected":false},"excerpt":{"rendered":"<p>Nesta semana, ocorreu um encontro entre as institui\u00e7\u00f5es organizadoras da Feira do Livro de Santa Rosa. Participaram da atividade um<\/p>\n","protected":false},"author":6,"featured_media":12626,"comment_status":"closed","ping_status":"closed","sticky":false,"template":"","format":"standard","meta":{"footnotes":""},"categories":[4,18],"tags":[],"class_list":["post-12624","post","type-post","status-publish","format-standard","has-post-thumbnail","hentry","category-noticias","category-secretaria-municipal-de-educacao-e-cultura"],"aioseo_notices":[],"_links":{"self":[{"href":"https:\/\/prefeitura.santarosa.rs.gov.br\/index.php?rest_route=\/wp\/v2\/posts\/12624","targetHints":{"allow":["GET"]}}],"collection":[{"href":"https:\/\/prefeitura.santarosa.rs.gov.br\/index.php?rest_route=\/wp\/v2\/posts"}],"about":[{"href":"https:\/\/prefeitura.santarosa.rs.gov.br\/index.php?rest_route=\/wp\/v2\/types\/post"}],"author":[{"embeddable":true,"href":"https:\/\/prefeitura.santarosa.rs.gov.br\/index.php?rest_route=\/wp\/v2\/users\/6"}],"replies":[{"embeddable":true,"href":"https:\/\/prefeitura.santarosa.rs.gov.br\/index.php?rest_route=%2Fwp%2Fv2%2Fcomments&post=12624"}],"version-history":[{"count":1,"href":"https:\/\/prefeitura.santarosa.rs.gov.br\/index.php?rest_route=\/wp\/v2\/posts\/12624\/revisions"}],"predecessor-version":[{"id":12627,"href":"https:\/\/prefeitura.santarosa.rs.gov.br\/index.php?rest_route=\/wp\/v2\/posts\/12624\/revisions\/12627"}],"wp:featuredmedia":[{"embeddable":true,"href":"https:\/\/prefeitura.santarosa.rs.gov.br\/index.php?rest_route=\/wp\/v2\/media\/12626"}],"wp:attachment":[{"href":"https:\/\/prefeitura.santarosa.rs.gov.br\/index.php?rest_route=%2Fwp%2Fv2%2Fmedia&parent=12624"}],"wp:term":[{"taxonomy":"category","embeddable":true,"href":"https:\/\/prefeitura.santarosa.rs.gov.br\/index.php?rest_route=%2Fwp%2Fv2%2Fcategories&post=12624"},{"taxonomy":"post_tag","embeddable":true,"href":"https:\/\/prefeitura.santarosa.rs.gov.br\/index.php?rest_route=%2Fwp%2Fv2%2Ftags&post=12624"}],"curies":[{"name":"wp","href":"https:\/\/api.w.org\/{rel}","templated":true}]}}