{"id":12620,"date":"2025-01-30T09:49:29","date_gmt":"2025-01-30T12:49:29","guid":{"rendered":"https:\/\/prefeitura.santarosa.rs.gov.br\/?p=12620"},"modified":"2025-01-30T09:49:29","modified_gmt":"2025-01-30T12:49:29","slug":"prefeito-participa-de-reuniao-na-infraero-e-na-sac","status":"publish","type":"post","link":"https:\/\/prefeitura.santarosa.rs.gov.br\/?p=12620","title":{"rendered":"Prefeito participa de reuni\u00e3o na Infraero e na SAC"},"content":{"rendered":"\n<figure class=\"wp-block-image size-full\"><img fetchpriority=\"high\" decoding=\"async\" width=\"860\" height=\"645\" src=\"https:\/\/prefeitura.santarosa.rs.gov.br\/wp-content\/uploads\/2025\/01\/Formato-Site-e-Portal-860X645-JPG-2025-01-30T094749.776.jpg\" alt=\"\" class=\"wp-image-12621\" srcset=\"https:\/\/prefeitura.santarosa.rs.gov.br\/wp-content\/uploads\/2025\/01\/Formato-Site-e-Portal-860X645-JPG-2025-01-30T094749.776.jpg 860w, https:\/\/prefeitura.santarosa.rs.gov.br\/wp-content\/uploads\/2025\/01\/Formato-Site-e-Portal-860X645-JPG-2025-01-30T094749.776-300x225.jpg 300w, https:\/\/prefeitura.santarosa.rs.gov.br\/wp-content\/uploads\/2025\/01\/Formato-Site-e-Portal-860X645-JPG-2025-01-30T094749.776-768x576.jpg 768w\" sizes=\"(max-width: 860px) 100vw, 860px\" \/><\/figure>\n\n\n\n<p>Ap\u00f3s a assinatura da ordem de in\u00edcio das obras da pista do Aeroporto, o Prefeito Anderson Mantei, o Presidente da C\u00e2mara M\u00e1ximo Altamiro Martins e a Diretora de Capta\u00e7\u00e3o Caliandra participaram de uma reuni\u00e3o na Infraero. Na oportunidade, foi tratado sobre o apoio na fiscaliza\u00e7\u00e3o da obra do Aeroporto. A comitiva tamb\u00e9m participou de uma reuni\u00e3o no Secretaria Nacional de Avia\u00e7\u00e3o Civil \u2013 SAC.<br>O Prefeito Anderson tamb\u00e9m fez quest\u00e3o de j\u00e1 come\u00e7ar a tratar sobre a gest\u00e3o e opera\u00e7\u00e3o do Aeroporto quando a obra estiver pronta. Em Bras\u00edlia, a comitiva aproveitou para se reunir com a equipe do SAC, onde tiveram orienta\u00e7\u00f5es sobre a fiscaliza\u00e7\u00e3o da obra, \u201cN\u00f3s estamos dando sequ\u00eancia nos demais projetos complementares dessa grande obra, estamos saindo daqui muito contentes, pois todas as reuni\u00f5es foram muito positivas\u201d. Durante o encontro, foi tratado tamb\u00e9m sobre a aprova\u00e7\u00e3o do projeto do Terminal de Passageiros que est\u00e1 em andamento na SAC. Est\u00e1 obra do Terminal deve ter investimento previsto de R$12 milh\u00f5es.<\/p>\n","protected":false},"excerpt":{"rendered":"<p>Ap\u00f3s a assinatura da ordem de in\u00edcio das obras da pista do Aeroporto, o Prefeito Anderson Mantei, o Presidente da<\/p>\n","protected":false},"author":6,"featured_media":12622,"comment_status":"closed","ping_status":"closed","sticky":false,"template":"","format":"standard","meta":{"footnotes":""},"categories":[4,3],"tags":[],"class_list":["post-12620","post","type-post","status-publish","format-standard","has-post-thumbnail","hentry","category-noticias","category-gabinete-do-prefeito"],"aioseo_notices":[],"_links":{"self":[{"href":"https:\/\/prefeitura.santarosa.rs.gov.br\/index.php?rest_route=\/wp\/v2\/posts\/12620","targetHints":{"allow":["GET"]}}],"collection":[{"href":"https:\/\/prefeitura.santarosa.rs.gov.br\/index.php?rest_route=\/wp\/v2\/posts"}],"about":[{"href":"https:\/\/prefeitura.santarosa.rs.gov.br\/index.php?rest_route=\/wp\/v2\/types\/post"}],"author":[{"embeddable":true,"href":"https:\/\/prefeitura.santarosa.rs.gov.br\/index.php?rest_route=\/wp\/v2\/users\/6"}],"replies":[{"embeddable":true,"href":"https:\/\/prefeitura.santarosa.rs.gov.br\/index.php?rest_route=%2Fwp%2Fv2%2Fcomments&post=12620"}],"version-history":[{"count":1,"href":"https:\/\/prefeitura.santarosa.rs.gov.br\/index.php?rest_route=\/wp\/v2\/posts\/12620\/revisions"}],"predecessor-version":[{"id":12623,"href":"https:\/\/prefeitura.santarosa.rs.gov.br\/index.php?rest_route=\/wp\/v2\/posts\/12620\/revisions\/12623"}],"wp:featuredmedia":[{"embeddable":true,"href":"https:\/\/prefeitura.santarosa.rs.gov.br\/index.php?rest_route=\/wp\/v2\/media\/12622"}],"wp:attachment":[{"href":"https:\/\/prefeitura.santarosa.rs.gov.br\/index.php?rest_route=%2Fwp%2Fv2%2Fmedia&parent=12620"}],"wp:term":[{"taxonomy":"category","embeddable":true,"href":"https:\/\/prefeitura.santarosa.rs.gov.br\/index.php?rest_route=%2Fwp%2Fv2%2Fcategories&post=12620"},{"taxonomy":"post_tag","embeddable":true,"href":"https:\/\/prefeitura.santarosa.rs.gov.br\/index.php?rest_route=%2Fwp%2Fv2%2Ftags&post=12620"}],"curies":[{"name":"wp","href":"https:\/\/api.w.org\/{rel}","templated":true}]}}