{"id":12612,"date":"2025-01-29T17:27:49","date_gmt":"2025-01-29T20:27:49","guid":{"rendered":"https:\/\/prefeitura.santarosa.rs.gov.br\/?p=12612"},"modified":"2025-01-29T17:27:49","modified_gmt":"2025-01-29T20:27:49","slug":"prefeito-vai-assinar-ordem-de-inicio-da-obra-do-aeroporto","status":"publish","type":"post","link":"https:\/\/prefeitura.santarosa.rs.gov.br\/?p=12612","title":{"rendered":"Prefeito vai assinar ordem de in\u00edcio da obra do Aeroporto"},"content":{"rendered":"\n<figure class=\"wp-block-image size-full\"><img fetchpriority=\"high\" decoding=\"async\" width=\"860\" height=\"645\" src=\"https:\/\/prefeitura.santarosa.rs.gov.br\/wp-content\/uploads\/2025\/01\/Formato-Site-e-Portal-860X645-JPG-2025-01-29T172604.671.jpg\" alt=\"\" class=\"wp-image-12613\" srcset=\"https:\/\/prefeitura.santarosa.rs.gov.br\/wp-content\/uploads\/2025\/01\/Formato-Site-e-Portal-860X645-JPG-2025-01-29T172604.671.jpg 860w, https:\/\/prefeitura.santarosa.rs.gov.br\/wp-content\/uploads\/2025\/01\/Formato-Site-e-Portal-860X645-JPG-2025-01-29T172604.671-300x225.jpg 300w, https:\/\/prefeitura.santarosa.rs.gov.br\/wp-content\/uploads\/2025\/01\/Formato-Site-e-Portal-860X645-JPG-2025-01-29T172604.671-768x576.jpg 768w\" sizes=\"(max-width: 860px) 100vw, 860px\" \/><\/figure>\n\n\n\n<p>O dia 29 de janeiro passa a ser um dia hist\u00f3rico para Santa Rosa. Foi assinada na tarde desta quarta-feira, a ordem de in\u00edcio da maior obra da cidade. Ser\u00e3o investidos mais de R$ 48 milh\u00f5es no Aeroporto. O Prefeito Anderson Mantei, o Presidente da C\u00e2mara M\u00e1ximo Altamiro Martins e a Diretora de Capta\u00e7\u00e3o Caliandra Perini participaram do ato, no Minist\u00e9rio de Portos e Aeroportos que contou com a presen\u00e7a do Deputado Osmar Terra e do Ministro Silvio Costa Filho.<br>A Prefeitura tem um conv\u00eanio firmado com o Governo Federal de R$ 48 milh\u00f5es, para a execu\u00e7\u00e3o das melhorias. Deste valor, j\u00e1 est\u00e1 empenhado R$ 14 milh\u00f5es da Bancada Ga\u00facha e R$ 6 milh\u00f5es da Prefeitura de Santa Rosa. Est\u00e3o garantidos para 2025, mais R$ 4 milh\u00f5es de emenda do Deputado Osmar Terra, que teve papel fundamental em todo o processo. O restante do recurso dever\u00e1 ser encaminhado pelo Governo Federal. Dentre as melhorias previstas, est\u00e1 a amplia\u00e7\u00e3o da pista de pouso. Anderson Mantei destacou no ato, \u201cDia que vai ficar marcado na hist\u00f3ria de Santa Rosa. O novo aeroporto de Santa Rosa \u00e9 fruto do trabalho, do planejamento, mas principalmente da nossa comunidade que estar\u00e1 pronta para voos ainda mais altos\u201d.<br>Nesta viagem, a comitiva realizou agendas no Minist\u00e9rio na busca de mais recursos para a obra. O Aeroporto vai estar autorizado para receber avi\u00f5es de at\u00e9 150 passageiros. O projeto foi desenvolvido para que as aeronaves consigam sair daqui e voar at\u00e9 600 milhas n\u00e1uticas, o que vai possibilitar voos diretos at\u00e9 Curitiba, S\u00e3o Paulo e Campo Grande, por exemplo. As obras devem come\u00e7ar na pr\u00f3xima semana. O tempo previsto de obra \u00e9 de 14 meses.<\/p>\n","protected":false},"excerpt":{"rendered":"<p>O dia 29 de janeiro passa a ser um dia hist\u00f3rico para Santa Rosa. Foi assinada na tarde desta quarta-feira,<\/p>\n","protected":false},"author":6,"featured_media":12614,"comment_status":"closed","ping_status":"closed","sticky":false,"template":"","format":"standard","meta":{"footnotes":""},"categories":[4,3],"tags":[],"class_list":["post-12612","post","type-post","status-publish","format-standard","has-post-thumbnail","hentry","category-noticias","category-gabinete-do-prefeito"],"aioseo_notices":[],"_links":{"self":[{"href":"https:\/\/prefeitura.santarosa.rs.gov.br\/index.php?rest_route=\/wp\/v2\/posts\/12612","targetHints":{"allow":["GET"]}}],"collection":[{"href":"https:\/\/prefeitura.santarosa.rs.gov.br\/index.php?rest_route=\/wp\/v2\/posts"}],"about":[{"href":"https:\/\/prefeitura.santarosa.rs.gov.br\/index.php?rest_route=\/wp\/v2\/types\/post"}],"author":[{"embeddable":true,"href":"https:\/\/prefeitura.santarosa.rs.gov.br\/index.php?rest_route=\/wp\/v2\/users\/6"}],"replies":[{"embeddable":true,"href":"https:\/\/prefeitura.santarosa.rs.gov.br\/index.php?rest_route=%2Fwp%2Fv2%2Fcomments&post=12612"}],"version-history":[{"count":1,"href":"https:\/\/prefeitura.santarosa.rs.gov.br\/index.php?rest_route=\/wp\/v2\/posts\/12612\/revisions"}],"predecessor-version":[{"id":12615,"href":"https:\/\/prefeitura.santarosa.rs.gov.br\/index.php?rest_route=\/wp\/v2\/posts\/12612\/revisions\/12615"}],"wp:featuredmedia":[{"embeddable":true,"href":"https:\/\/prefeitura.santarosa.rs.gov.br\/index.php?rest_route=\/wp\/v2\/media\/12614"}],"wp:attachment":[{"href":"https:\/\/prefeitura.santarosa.rs.gov.br\/index.php?rest_route=%2Fwp%2Fv2%2Fmedia&parent=12612"}],"wp:term":[{"taxonomy":"category","embeddable":true,"href":"https:\/\/prefeitura.santarosa.rs.gov.br\/index.php?rest_route=%2Fwp%2Fv2%2Fcategories&post=12612"},{"taxonomy":"post_tag","embeddable":true,"href":"https:\/\/prefeitura.santarosa.rs.gov.br\/index.php?rest_route=%2Fwp%2Fv2%2Ftags&post=12612"}],"curies":[{"name":"wp","href":"https:\/\/api.w.org\/{rel}","templated":true}]}}