{"id":12608,"date":"2025-01-29T17:18:40","date_gmt":"2025-01-29T20:18:40","guid":{"rendered":"https:\/\/prefeitura.santarosa.rs.gov.br\/?p=12608"},"modified":"2025-01-29T17:18:40","modified_gmt":"2025-01-29T20:18:40","slug":"finalizada-a-obra-da-praca-do-liminha","status":"publish","type":"post","link":"https:\/\/prefeitura.santarosa.rs.gov.br\/?p=12608","title":{"rendered":"Finalizada a obra da Pra\u00e7a do Liminha"},"content":{"rendered":"\n<figure class=\"wp-block-image size-full\"><img fetchpriority=\"high\" decoding=\"async\" width=\"860\" height=\"645\" src=\"https:\/\/prefeitura.santarosa.rs.gov.br\/wp-content\/uploads\/2025\/01\/Formato-Site-e-Portal-860X645-JPG-2025-01-29T082306.691-2.jpg\" alt=\"\" class=\"wp-image-12609\" srcset=\"https:\/\/prefeitura.santarosa.rs.gov.br\/wp-content\/uploads\/2025\/01\/Formato-Site-e-Portal-860X645-JPG-2025-01-29T082306.691-2.jpg 860w, https:\/\/prefeitura.santarosa.rs.gov.br\/wp-content\/uploads\/2025\/01\/Formato-Site-e-Portal-860X645-JPG-2025-01-29T082306.691-2-300x225.jpg 300w, https:\/\/prefeitura.santarosa.rs.gov.br\/wp-content\/uploads\/2025\/01\/Formato-Site-e-Portal-860X645-JPG-2025-01-29T082306.691-2-768x576.jpg 768w\" sizes=\"(max-width: 860px) 100vw, 860px\" \/><\/figure>\n\n\n\n<p>Mais um espa\u00e7o p\u00fablico para a comunidade de Santa Rosa: uma nova pra\u00e7a foi feita em frente ao antigo Col\u00e9gio Liminha, com investimento de mais de R$ 500 mil de recursos pr\u00f3prios no local. A nova pra\u00e7a conta com uma \u00e1rea de 1.500 metros quadrados. Foram instalados bancos, lixeiras e ilumina\u00e7\u00e3o com tecnologia LED, al\u00e9m da realiza\u00e7\u00e3o de trabalho de paisagismo e acessibilidade. Outro detalhe importante \u00e9 que as esculturas que antes estavam fixadas no local, foram preservadas.<br>O Vice-Prefeito Aldemir Ulrich, destaca que a Gest\u00e3o tem investido nos parques e pra\u00e7as do munic\u00edpio, \u201cNosso compromisso \u00e9 proporcionar espa\u00e7os que valorizem o conv\u00edvio social da comunidade. A nova pra\u00e7a em frente ao Liminha representa mais uma iniciativa da gest\u00e3o em oferecer locais de lazer, esporte e descanso para as fam\u00edlias de Santa Rosa\u201d. A cidade conta com 53 pra\u00e7as.<br>Atualmente tamb\u00e9m est\u00e3o sendo realizadas melhorias no Tape Por\u00e3, atrav\u00e9s da nova ciclovia, reforma na Pra\u00e7a da Bandeira, reforma na Pra\u00e7a de Cruzeiro e reforma na Esta\u00e7\u00e3o F\u00e9rrea. O objetivo \u00e9 proporcionar mais infraestrutura para o lazer e o bem-estar da popula\u00e7\u00e3o.<\/p>\n","protected":false},"excerpt":{"rendered":"<p>Mais um espa\u00e7o p\u00fablico para a comunidade de Santa Rosa: uma nova pra\u00e7a foi feita em frente ao antigo Col\u00e9gio<\/p>\n","protected":false},"author":6,"featured_media":12610,"comment_status":"closed","ping_status":"closed","sticky":false,"template":"","format":"standard","meta":{"footnotes":""},"categories":[4,22],"tags":[],"class_list":["post-12608","post","type-post","status-publish","format-standard","has-post-thumbnail","hentry","category-noticias","category-secretaria-municipal-de-planejamento-e-habitacao"],"aioseo_notices":[],"_links":{"self":[{"href":"https:\/\/prefeitura.santarosa.rs.gov.br\/index.php?rest_route=\/wp\/v2\/posts\/12608","targetHints":{"allow":["GET"]}}],"collection":[{"href":"https:\/\/prefeitura.santarosa.rs.gov.br\/index.php?rest_route=\/wp\/v2\/posts"}],"about":[{"href":"https:\/\/prefeitura.santarosa.rs.gov.br\/index.php?rest_route=\/wp\/v2\/types\/post"}],"author":[{"embeddable":true,"href":"https:\/\/prefeitura.santarosa.rs.gov.br\/index.php?rest_route=\/wp\/v2\/users\/6"}],"replies":[{"embeddable":true,"href":"https:\/\/prefeitura.santarosa.rs.gov.br\/index.php?rest_route=%2Fwp%2Fv2%2Fcomments&post=12608"}],"version-history":[{"count":1,"href":"https:\/\/prefeitura.santarosa.rs.gov.br\/index.php?rest_route=\/wp\/v2\/posts\/12608\/revisions"}],"predecessor-version":[{"id":12611,"href":"https:\/\/prefeitura.santarosa.rs.gov.br\/index.php?rest_route=\/wp\/v2\/posts\/12608\/revisions\/12611"}],"wp:featuredmedia":[{"embeddable":true,"href":"https:\/\/prefeitura.santarosa.rs.gov.br\/index.php?rest_route=\/wp\/v2\/media\/12610"}],"wp:attachment":[{"href":"https:\/\/prefeitura.santarosa.rs.gov.br\/index.php?rest_route=%2Fwp%2Fv2%2Fmedia&parent=12608"}],"wp:term":[{"taxonomy":"category","embeddable":true,"href":"https:\/\/prefeitura.santarosa.rs.gov.br\/index.php?rest_route=%2Fwp%2Fv2%2Fcategories&post=12608"},{"taxonomy":"post_tag","embeddable":true,"href":"https:\/\/prefeitura.santarosa.rs.gov.br\/index.php?rest_route=%2Fwp%2Fv2%2Ftags&post=12608"}],"curies":[{"name":"wp","href":"https:\/\/api.w.org\/{rel}","templated":true}]}}