{"id":12604,"date":"2025-01-29T09:55:02","date_gmt":"2025-01-29T12:55:02","guid":{"rendered":"https:\/\/prefeitura.santarosa.rs.gov.br\/?p=12604"},"modified":"2025-02-20T15:24:33","modified_gmt":"2025-02-20T18:24:33","slug":"a-obra-do-aeroporto-vai-comecarprefeito-vai-assinar-ordem-de-inicio-nessa-quarta-feira-em-brasilia","status":"publish","type":"post","link":"https:\/\/prefeitura.santarosa.rs.gov.br\/?p=12604","title":{"rendered":"A obra do aeroporto vai come\u00e7ar"},"content":{"rendered":"\n<p>Prefeito vai assinar ordem de in\u00edcio nessa quarta-feira em Bras\u00edlia<\/p>\n\n\n\n<figure class=\"wp-block-image size-full\"><img fetchpriority=\"high\" decoding=\"async\" width=\"860\" height=\"645\" src=\"https:\/\/prefeitura.santarosa.rs.gov.br\/wp-content\/uploads\/2025\/01\/Formato-Site-e-Portal-860X645-JPG-2025-01-29T095307.512.jpg\" alt=\"\" class=\"wp-image-12605\" srcset=\"https:\/\/prefeitura.santarosa.rs.gov.br\/wp-content\/uploads\/2025\/01\/Formato-Site-e-Portal-860X645-JPG-2025-01-29T095307.512.jpg 860w, https:\/\/prefeitura.santarosa.rs.gov.br\/wp-content\/uploads\/2025\/01\/Formato-Site-e-Portal-860X645-JPG-2025-01-29T095307.512-300x225.jpg 300w, https:\/\/prefeitura.santarosa.rs.gov.br\/wp-content\/uploads\/2025\/01\/Formato-Site-e-Portal-860X645-JPG-2025-01-29T095307.512-768x576.jpg 768w\" sizes=\"(max-width: 860px) 100vw, 860px\" \/><\/figure>\n\n\n\n<p>Um momento hist\u00f3rico para Santa Rosa. A maior obra da cidade vai come\u00e7ar. Ser\u00e3o investidos mais de R$ 48 milh\u00f5es no Aeroporto. O sonho de voos para capital, S\u00e3o Paulo e demais localidades, vai sair do papel. Nesta quarta-feira, vai ser assinada a ordem de in\u00edcio da obra da nova pista do Aeroporto Lu\u00eds Alberto Lehr. O Prefeito Anderson Mantei, o Presidente da C\u00e2mara M\u00e1ximo Altamiro Martins e a Diretora de Capta\u00e7\u00e3o Caliandra Perini, est\u00e3o em Bras\u00edlia, para o ato que vai ocorrer no Minist\u00e9rio de Portos e Aeroportos. O Ministro Silvio Costa Filho tamb\u00e9m vai participar da assinatura que deve ocorrer \u00e0s 14h.<br>A Prefeitura tem um conv\u00eanio firmado com o Governo Federal de R$ 48 milh\u00f5es, para a execu\u00e7\u00e3o das melhorias. Deste valor, j\u00e1 est\u00e1 empenhado R$ 14 milh\u00f5es da Bancada Ga\u00facha e R$ 6 milh\u00f5es da Prefeitura de Santa Rosa. Est\u00e3o garantidos para 2025, mais R$ 4 milh\u00f5es de emenda do Deputado Osmar Terra, que teve papel fundamental em todo o processo e que sempre lutou por esta pauta, \u201cEssa \u00e9 uma obra decisiva para Santa Rosa. A mercadoria vai de caminh\u00e3o, mas o empres\u00e1rio vai de avi\u00e3o e precisa dessa agilidade, e n\u00e3o s\u00f3 os empres\u00e1rios, a comunidade que vai estar mais perto de grandes centros. Vai melhorar a vida de todo mundo e foi um trabalho de luta nossa de mais de 12 anos e vamos seguir na busca de mais recursos para o aeroporto\u201d. O restante do recurso dever\u00e1 ser encaminhado pelo Governo Federal.<br>Dentre as melhorias previstas, est\u00e1 a amplia\u00e7\u00e3o da pista de pouso. O local que atualmente \u00e9 de 1.200 metros, vai passar para 1.630 metros, al\u00e9m de mais 120 metros de \u00e1rea de seguran\u00e7a pavimentadas (blast pads) e 180 metros de \u00e1rea de seguran\u00e7a n\u00e3o pavimentadas (RESAs), totalizando 1.930 metros de \u00e1rea de pista. Anderson Mantei destaca a relev\u00e2ncia da obra, \u201cEste \u00e9 um dos projetos mais importantes da hist\u00f3ria da nossa cidade, agora sim, Santa Rosa vai al\u00e7ar voos ainda mais altos. O aeroporto \u00e9 fundamental para que possamos seguir nos desenvolvendo cada vez mais, o dia de hoje \u00e9 um marco para nossa cidade\u201d.<br>A prefeitura realizou no ano passado, a aquisi\u00e7\u00e3o de 37 hectares para as obras de amplia\u00e7\u00e3o do aeroporto. O Prefeito Anderson tamb\u00e9m trabalhou de forma incans\u00e1vel para conseguir todas as libera\u00e7\u00f5es necess\u00e1rias para a aprova\u00e7\u00e3o da licen\u00e7a ambiental na Fepam e a aprova\u00e7\u00e3o do projeto t\u00e9cnico de amplia\u00e7\u00e3o junto \u00e0 Secretaria Nacional de Avia\u00e7\u00e3o Civil \/ Minist\u00e9rio de Portos e Aeroportos, \u201cEstamos h\u00e1 4 anos empenhados em resolver todas as quest\u00f5es necess\u00e1rias para podermos avan\u00e7ar com a obra do aeroporto que agora j\u00e1 \u00e9 uma realidade. E n\u00f3s vamos buscar ainda mais, pois queremos outras rotas, que possam impulsionar ainda mais nossa regi\u00e3o\u201d.<br>Nesta viagem, a comitiva realizou agendas no Minist\u00e9rio na busca de mais recursos para a obra. O Presidente da C\u00e2mara, M\u00e1ximo Altemir Martins, tamb\u00e9m ressalta a import\u00e2ncia do aeroporto, \u201cEsse vai ser um grande divisor de \u00e1guas para o desenvolvimento n\u00e3o s\u00f3 de Santa Rosa, mas de toda a regi\u00e3o Noroeste\u201d. O Aeroporto vai estar autorizado para receber avi\u00f5es de at\u00e9 150 passageiros. O projeto foi desenvolvido para que as aeronaves consigam sair daqui e voar at\u00e9 600 milhas n\u00e1uticas, o que vai possibilitar voos diretos at\u00e9 Curitiba, S\u00e3o Paulo e Campo Grande, por exemplo. As obras devem come\u00e7ar na pr\u00f3xima semana. O tempo previsto de obra \u00e9 de 14 meses.<\/p>\n","protected":false},"excerpt":{"rendered":"<p>Prefeito vai assinar ordem de in\u00edcio nessa quarta-feira em Bras\u00edlia Um momento hist\u00f3rico para Santa Rosa. A maior obra da<\/p>\n","protected":false},"author":6,"featured_media":12606,"comment_status":"closed","ping_status":"closed","sticky":false,"template":"","format":"standard","meta":{"footnotes":""},"categories":[4,22],"tags":[],"class_list":["post-12604","post","type-post","status-publish","format-standard","has-post-thumbnail","hentry","category-noticias","category-secretaria-municipal-de-planejamento-e-habitacao"],"aioseo_notices":[],"_links":{"self":[{"href":"https:\/\/prefeitura.santarosa.rs.gov.br\/index.php?rest_route=\/wp\/v2\/posts\/12604","targetHints":{"allow":["GET"]}}],"collection":[{"href":"https:\/\/prefeitura.santarosa.rs.gov.br\/index.php?rest_route=\/wp\/v2\/posts"}],"about":[{"href":"https:\/\/prefeitura.santarosa.rs.gov.br\/index.php?rest_route=\/wp\/v2\/types\/post"}],"author":[{"embeddable":true,"href":"https:\/\/prefeitura.santarosa.rs.gov.br\/index.php?rest_route=\/wp\/v2\/users\/6"}],"replies":[{"embeddable":true,"href":"https:\/\/prefeitura.santarosa.rs.gov.br\/index.php?rest_route=%2Fwp%2Fv2%2Fcomments&post=12604"}],"version-history":[{"count":2,"href":"https:\/\/prefeitura.santarosa.rs.gov.br\/index.php?rest_route=\/wp\/v2\/posts\/12604\/revisions"}],"predecessor-version":[{"id":12909,"href":"https:\/\/prefeitura.santarosa.rs.gov.br\/index.php?rest_route=\/wp\/v2\/posts\/12604\/revisions\/12909"}],"wp:featuredmedia":[{"embeddable":true,"href":"https:\/\/prefeitura.santarosa.rs.gov.br\/index.php?rest_route=\/wp\/v2\/media\/12606"}],"wp:attachment":[{"href":"https:\/\/prefeitura.santarosa.rs.gov.br\/index.php?rest_route=%2Fwp%2Fv2%2Fmedia&parent=12604"}],"wp:term":[{"taxonomy":"category","embeddable":true,"href":"https:\/\/prefeitura.santarosa.rs.gov.br\/index.php?rest_route=%2Fwp%2Fv2%2Fcategories&post=12604"},{"taxonomy":"post_tag","embeddable":true,"href":"https:\/\/prefeitura.santarosa.rs.gov.br\/index.php?rest_route=%2Fwp%2Fv2%2Ftags&post=12604"}],"curies":[{"name":"wp","href":"https:\/\/api.w.org\/{rel}","templated":true}]}}