{"id":12591,"date":"2025-01-28T16:33:54","date_gmt":"2025-01-28T19:33:54","guid":{"rendered":"https:\/\/prefeitura.santarosa.rs.gov.br\/?p=12591"},"modified":"2025-01-28T16:33:55","modified_gmt":"2025-01-28T19:33:55","slug":"retrospectivas-2024-unidades-basicas-de-saude-auxiliadora","status":"publish","type":"post","link":"https:\/\/prefeitura.santarosa.rs.gov.br\/?p=12591","title":{"rendered":"Retrospectivas 2024 Unidades B\u00e1sicas de Sa\u00fade: Auxiliadora"},"content":{"rendered":"\n<figure class=\"wp-block-image size-full\"><img fetchpriority=\"high\" decoding=\"async\" width=\"860\" height=\"645\" src=\"https:\/\/prefeitura.santarosa.rs.gov.br\/wp-content\/uploads\/2025\/01\/Formato-Site-e-Portal-860X645-JPG-2025-01-28T162944.110.jpg\" alt=\"\" class=\"wp-image-12592\" srcset=\"https:\/\/prefeitura.santarosa.rs.gov.br\/wp-content\/uploads\/2025\/01\/Formato-Site-e-Portal-860X645-JPG-2025-01-28T162944.110.jpg 860w, https:\/\/prefeitura.santarosa.rs.gov.br\/wp-content\/uploads\/2025\/01\/Formato-Site-e-Portal-860X645-JPG-2025-01-28T162944.110-300x225.jpg 300w, https:\/\/prefeitura.santarosa.rs.gov.br\/wp-content\/uploads\/2025\/01\/Formato-Site-e-Portal-860X645-JPG-2025-01-28T162944.110-768x576.jpg 768w\" sizes=\"(max-width: 860px) 100vw, 860px\" \/><\/figure>\n\n\n\n<p>Em 2024, a Unidade B\u00e1sica de Sa\u00fade Auxiliadora completou 16 anos de hist\u00f3ria. A equipe que atua no local atende uma popula\u00e7\u00e3o de 3.878 pessoas (1.918 homens e 1.960 mulheres). Ao longo do ano, foram realizados mais de 60 mil procedimentos na UBS, sendo 9.650 consultas m\u00e9dicas e 938 atendimentos direcionados a gestantes. Um dos grandes destaques foi o 3\u00ba turno, que teve um aumento significativo, com 1.425 atendimentos no per\u00edodo da noite.<br>Entre as principais a\u00e7\u00f5es de 2024, est\u00e3o o Programa Sa\u00fade na Escola (PSE) e o mutir\u00e3o de sa\u00fade mental. Outro marco importante foi o mutir\u00e3o de consultas para hipertensos e diab\u00e9ticos e a retomada do grupo de atividade f\u00edsica, que proporcionou mais qualidade de vida para os participantes. Al\u00e9m disso, a equipe da UBS auxiliou com apoio \u00e0s v\u00edtimas da enchente, realizando momentos de conversa e acolhimento para a popula\u00e7\u00e3o afetada. A Coordenadora Renata Gabriele Schnepfleitner, destaca como foi 2024, &#8220;Foi um ano de grandes avan\u00e7os. Reduzimos o tempo de espera para consultas, proporcionando que nossos pacientes fossem atendidos pelo m\u00e9dico ou enfermeiro ainda no mesmo dia. Trabalhamos com dedica\u00e7\u00e3o, sempre buscando oferecer o melhor atendimento poss\u00edvel para nossa comunidade&#8221;.<br>Em 2025, a coordena\u00e7\u00e3o da UBS Auxiliadora se prepara para novos desafios e a\u00e7\u00f5es. A previs\u00e3o \u00e9 melhorar ainda mais os atendimentos, com a retomada da resid\u00eancia multiprofissional e a cria\u00e7\u00e3o de novos grupos e rodas de conversa sobre temas relevantes para a popula\u00e7\u00e3o. A unidade fica localizada na Rua Santa Terezinha, n\u00ba 429, Bairro Auxiliadora.<\/p>\n\n\n\n<p><\/p>\n\n\n\n<p><\/p>\n\n\n\n<p><\/p>\n","protected":false},"excerpt":{"rendered":"<p>Em 2024, a Unidade B\u00e1sica de Sa\u00fade Auxiliadora completou 16 anos de hist\u00f3ria. A equipe que atua no local atende<\/p>\n","protected":false},"author":6,"featured_media":12593,"comment_status":"closed","ping_status":"closed","sticky":false,"template":"","format":"standard","meta":{"footnotes":""},"categories":[4,8],"tags":[],"class_list":["post-12591","post","type-post","status-publish","format-standard","has-post-thumbnail","hentry","category-noticias","category-noticias-fumssar"],"aioseo_notices":[],"_links":{"self":[{"href":"https:\/\/prefeitura.santarosa.rs.gov.br\/index.php?rest_route=\/wp\/v2\/posts\/12591","targetHints":{"allow":["GET"]}}],"collection":[{"href":"https:\/\/prefeitura.santarosa.rs.gov.br\/index.php?rest_route=\/wp\/v2\/posts"}],"about":[{"href":"https:\/\/prefeitura.santarosa.rs.gov.br\/index.php?rest_route=\/wp\/v2\/types\/post"}],"author":[{"embeddable":true,"href":"https:\/\/prefeitura.santarosa.rs.gov.br\/index.php?rest_route=\/wp\/v2\/users\/6"}],"replies":[{"embeddable":true,"href":"https:\/\/prefeitura.santarosa.rs.gov.br\/index.php?rest_route=%2Fwp%2Fv2%2Fcomments&post=12591"}],"version-history":[{"count":1,"href":"https:\/\/prefeitura.santarosa.rs.gov.br\/index.php?rest_route=\/wp\/v2\/posts\/12591\/revisions"}],"predecessor-version":[{"id":12594,"href":"https:\/\/prefeitura.santarosa.rs.gov.br\/index.php?rest_route=\/wp\/v2\/posts\/12591\/revisions\/12594"}],"wp:featuredmedia":[{"embeddable":true,"href":"https:\/\/prefeitura.santarosa.rs.gov.br\/index.php?rest_route=\/wp\/v2\/media\/12593"}],"wp:attachment":[{"href":"https:\/\/prefeitura.santarosa.rs.gov.br\/index.php?rest_route=%2Fwp%2Fv2%2Fmedia&parent=12591"}],"wp:term":[{"taxonomy":"category","embeddable":true,"href":"https:\/\/prefeitura.santarosa.rs.gov.br\/index.php?rest_route=%2Fwp%2Fv2%2Fcategories&post=12591"},{"taxonomy":"post_tag","embeddable":true,"href":"https:\/\/prefeitura.santarosa.rs.gov.br\/index.php?rest_route=%2Fwp%2Fv2%2Ftags&post=12591"}],"curies":[{"name":"wp","href":"https:\/\/api.w.org\/{rel}","templated":true}]}}