{"id":12585,"date":"2025-01-27T17:11:31","date_gmt":"2025-01-27T20:11:31","guid":{"rendered":"https:\/\/prefeitura.santarosa.rs.gov.br\/?p=12585"},"modified":"2025-01-27T17:11:31","modified_gmt":"2025-01-27T20:11:31","slug":"obras-no-interior-de-santa-rosa","status":"publish","type":"post","link":"https:\/\/prefeitura.santarosa.rs.gov.br\/?p=12585","title":{"rendered":"Obras no interior de Santa Rosa"},"content":{"rendered":"\n<figure class=\"wp-block-image size-full\"><img fetchpriority=\"high\" decoding=\"async\" width=\"860\" height=\"645\" src=\"https:\/\/prefeitura.santarosa.rs.gov.br\/wp-content\/uploads\/2025\/01\/Formato-Site-e-Portal-860X645-JPG-2025-01-27T171053.644.jpg\" alt=\"\" class=\"wp-image-12586\" srcset=\"https:\/\/prefeitura.santarosa.rs.gov.br\/wp-content\/uploads\/2025\/01\/Formato-Site-e-Portal-860X645-JPG-2025-01-27T171053.644.jpg 860w, https:\/\/prefeitura.santarosa.rs.gov.br\/wp-content\/uploads\/2025\/01\/Formato-Site-e-Portal-860X645-JPG-2025-01-27T171053.644-300x225.jpg 300w, https:\/\/prefeitura.santarosa.rs.gov.br\/wp-content\/uploads\/2025\/01\/Formato-Site-e-Portal-860X645-JPG-2025-01-27T171053.644-768x576.jpg 768w\" sizes=\"(max-width: 860px) 100vw, 860px\" \/><\/figure>\n\n\n\n<p>O interior \u00e9 uma das prioridades do Governo. Aproximadamente 600 quil\u00f4metros de patrolamento e 200 de cascalhamento foram realizados nos 4 anos de Governo. Para 2025, a inten\u00e7\u00e3o \u00e9 ampliar ainda mais os investimentos. E o ano j\u00e1 come\u00e7ou com v\u00e1rias a\u00e7\u00f5es sendo realizadas no interior.<br>Nesta semana, est\u00e3o em andamento obras de cal\u00e7amento na rua Bela Uni\u00e3o e na localidade Sete Sul. A Comunidade Faxinal est\u00e1 recebendo asfalto que vai possibilitar a liga\u00e7\u00e3o at\u00e9 o anel rodovi\u00e1rio. Na semana passada, foi finalizada a obra de cal\u00e7amento na Comunidade Tigre. Diversas localidades tamb\u00e9m j\u00e1 foram beneficiadas com o servi\u00e7o de patrolamento, cascalhamento e rolamento. O Vice-Prefeito Aldemir Ulrich visitou algumas obras, \u201cEstamos com a equipe da Secretaria de Agricultura trabalhando todos os dias nas estradas e propriedades rurais e tamb\u00e9m temos as obras de cal\u00e7amento e asfalto contratadas pela prefeitura em andamento\u201d.<br>Aldemir destaca que est\u00e3o sendo realizadas obras, em pontes, no interior. O projeto contempla galerias para substitui\u00e7\u00e3o das pontes de madeira, \u201cPrecisamos melhorar a infraestrutura das pontes, agora devemos fazer a substitui\u00e7\u00e3o de 5 pontes de madeira por galerias de concreto armado, o que vai garantir seguran\u00e7a, estabilidade e durabilidade da estrutura\u201d. A inten\u00e7\u00e3o do Governo \u00e9 realizar a troca de todas as pontes do interior ao longo dos pr\u00f3ximos 4 anos.<\/p>\n","protected":false},"excerpt":{"rendered":"<p>O interior \u00e9 uma das prioridades do Governo. Aproximadamente 600 quil\u00f4metros de patrolamento e 200 de cascalhamento foram realizados nos<\/p>\n","protected":false},"author":6,"featured_media":12587,"comment_status":"closed","ping_status":"closed","sticky":false,"template":"","format":"standard","meta":{"footnotes":""},"categories":[4,22],"tags":[],"class_list":["post-12585","post","type-post","status-publish","format-standard","has-post-thumbnail","hentry","category-noticias","category-secretaria-municipal-de-planejamento-e-habitacao"],"aioseo_notices":[],"_links":{"self":[{"href":"https:\/\/prefeitura.santarosa.rs.gov.br\/index.php?rest_route=\/wp\/v2\/posts\/12585","targetHints":{"allow":["GET"]}}],"collection":[{"href":"https:\/\/prefeitura.santarosa.rs.gov.br\/index.php?rest_route=\/wp\/v2\/posts"}],"about":[{"href":"https:\/\/prefeitura.santarosa.rs.gov.br\/index.php?rest_route=\/wp\/v2\/types\/post"}],"author":[{"embeddable":true,"href":"https:\/\/prefeitura.santarosa.rs.gov.br\/index.php?rest_route=\/wp\/v2\/users\/6"}],"replies":[{"embeddable":true,"href":"https:\/\/prefeitura.santarosa.rs.gov.br\/index.php?rest_route=%2Fwp%2Fv2%2Fcomments&post=12585"}],"version-history":[{"count":1,"href":"https:\/\/prefeitura.santarosa.rs.gov.br\/index.php?rest_route=\/wp\/v2\/posts\/12585\/revisions"}],"predecessor-version":[{"id":12588,"href":"https:\/\/prefeitura.santarosa.rs.gov.br\/index.php?rest_route=\/wp\/v2\/posts\/12585\/revisions\/12588"}],"wp:featuredmedia":[{"embeddable":true,"href":"https:\/\/prefeitura.santarosa.rs.gov.br\/index.php?rest_route=\/wp\/v2\/media\/12587"}],"wp:attachment":[{"href":"https:\/\/prefeitura.santarosa.rs.gov.br\/index.php?rest_route=%2Fwp%2Fv2%2Fmedia&parent=12585"}],"wp:term":[{"taxonomy":"category","embeddable":true,"href":"https:\/\/prefeitura.santarosa.rs.gov.br\/index.php?rest_route=%2Fwp%2Fv2%2Fcategories&post=12585"},{"taxonomy":"post_tag","embeddable":true,"href":"https:\/\/prefeitura.santarosa.rs.gov.br\/index.php?rest_route=%2Fwp%2Fv2%2Ftags&post=12585"}],"curies":[{"name":"wp","href":"https:\/\/api.w.org\/{rel}","templated":true}]}}