{"id":12580,"date":"2025-01-27T16:44:36","date_gmt":"2025-01-27T19:44:36","guid":{"rendered":"https:\/\/prefeitura.santarosa.rs.gov.br\/?p=12580"},"modified":"2025-01-27T16:44:36","modified_gmt":"2025-01-27T19:44:36","slug":"retrospectivas-2024-escolas-municipais-emef-15-de-novembro","status":"publish","type":"post","link":"https:\/\/prefeitura.santarosa.rs.gov.br\/?p=12580","title":{"rendered":"Retrospectivas 2024 Escolas Municipais: EMEF 15 de Novembro"},"content":{"rendered":"\n<figure class=\"wp-block-image size-full\"><img fetchpriority=\"high\" decoding=\"async\" width=\"860\" height=\"645\" src=\"https:\/\/prefeitura.santarosa.rs.gov.br\/wp-content\/uploads\/2025\/01\/Formato-Site-e-Portal-860X645-JPG-2025-01-27T160335.692.jpg\" alt=\"\" class=\"wp-image-12581\" srcset=\"https:\/\/prefeitura.santarosa.rs.gov.br\/wp-content\/uploads\/2025\/01\/Formato-Site-e-Portal-860X645-JPG-2025-01-27T160335.692.jpg 860w, https:\/\/prefeitura.santarosa.rs.gov.br\/wp-content\/uploads\/2025\/01\/Formato-Site-e-Portal-860X645-JPG-2025-01-27T160335.692-300x225.jpg 300w, https:\/\/prefeitura.santarosa.rs.gov.br\/wp-content\/uploads\/2025\/01\/Formato-Site-e-Portal-860X645-JPG-2025-01-27T160335.692-768x576.jpg 768w\" sizes=\"(max-width: 860px) 100vw, 860px\" \/><\/figure>\n\n\n\n<p>Fundada em 1962, a EMEF 15 de Novembro completou mais de seis d\u00e9cadas de hist\u00f3ria em 2024. Atualmente, a escola atende 140 alunos em turmas da pr\u00e9-escola ao 9\u00ba ano. Entre os principais projetos do ano, a dire\u00e7\u00e3o segue iniciativas de sucesso como o Projeto de Leitura, Projeto Tribos, Recolhimento de Latinhas, Projeto de Incentivo ao Estudo, Projeto Horta Escolar e o PROERD (Programa Educacional de Resist\u00eancia \u00e0s Drogas), realizado em parceria com a Brigada Militar. Al\u00e9m disso, a equipe promoveu diversas outras a\u00e7\u00f5es, como o Projeto Educa\u00e7\u00e3o &#8211; Um Olhar para o Futuro e o Projeto 15 Milhas, que fortaleceram o v\u00ednculo entre alunos, escola e fam\u00edlia.<br>Um dos grandes destaques do ano foi que a institui\u00e7\u00e3o passou a ser oficialmente uma Escola do Campo. O objetivo foi atender cada vez melhor os estudantes do interior. A Diretora C\u00e1tia Adriane Schubert Rodrigues destaca a import\u00e2ncia deste momento, &#8220;Ser oficialmente uma Escola do Campo \u00e9 um marco que nos inspira a buscar constantemente melhorias para oferecer uma educa\u00e7\u00e3o ainda mais qualificada, que valorize as especificidades da vida no campo. Enxergamos os desafios como oportunidades para crescer e proporcionar aos nossos estudantes uma forma\u00e7\u00e3o completa, conectada ao espa\u00e7o em que vivem, ampliando seus horizontes e preparando para o futuro&#8221;.<br>Para 2025, a dire\u00e7\u00e3o planeja implementar aulas do projeto Escola do Campo Conectada. Al\u00e9m disso, ser\u00e1 ampliada a oferta de atividades no contraturno, com disciplinas que contemplam pr\u00e1ticas do campo, como: Boas Pr\u00e1ticas no Campo, Recrea\u00e7\u00e3o ao Ar Livre, Jardinagem, Vida, Sa\u00fade e Sustentabilidade, Pomar e Inicia\u00e7\u00e3o Cient\u00edfica. A Secret\u00e1ria de Educa\u00e7\u00e3o Josyane Heck, refor\u00e7a a import\u00e2ncia do trabalho realizado nas escolas do munic\u00edpio, &#8220;Estamos muito satisfeitos com o empenho das equipes pedag\u00f3gicas e a qualidade do ensino nas escolas de Santa Rosa. A EMEF 15 de Novembro \u00e9 um exemplo claro do comprometimento com a educa\u00e7\u00e3o que se adapta com as necessidades da comunidade e ao contexto da vida no campo&#8221;. A EMEF fica localizada na Linha 15 de Novembro, no interior do munic\u00edpio de Santa Rosa.<\/p>\n","protected":false},"excerpt":{"rendered":"<p>Fundada em 1962, a EMEF 15 de Novembro completou mais de seis d\u00e9cadas de hist\u00f3ria em 2024. Atualmente, a escola<\/p>\n","protected":false},"author":6,"featured_media":12582,"comment_status":"closed","ping_status":"closed","sticky":false,"template":"","format":"standard","meta":{"footnotes":""},"categories":[4,18],"tags":[],"class_list":["post-12580","post","type-post","status-publish","format-standard","has-post-thumbnail","hentry","category-noticias","category-secretaria-municipal-de-educacao-e-cultura"],"aioseo_notices":[],"_links":{"self":[{"href":"https:\/\/prefeitura.santarosa.rs.gov.br\/index.php?rest_route=\/wp\/v2\/posts\/12580","targetHints":{"allow":["GET"]}}],"collection":[{"href":"https:\/\/prefeitura.santarosa.rs.gov.br\/index.php?rest_route=\/wp\/v2\/posts"}],"about":[{"href":"https:\/\/prefeitura.santarosa.rs.gov.br\/index.php?rest_route=\/wp\/v2\/types\/post"}],"author":[{"embeddable":true,"href":"https:\/\/prefeitura.santarosa.rs.gov.br\/index.php?rest_route=\/wp\/v2\/users\/6"}],"replies":[{"embeddable":true,"href":"https:\/\/prefeitura.santarosa.rs.gov.br\/index.php?rest_route=%2Fwp%2Fv2%2Fcomments&post=12580"}],"version-history":[{"count":1,"href":"https:\/\/prefeitura.santarosa.rs.gov.br\/index.php?rest_route=\/wp\/v2\/posts\/12580\/revisions"}],"predecessor-version":[{"id":12583,"href":"https:\/\/prefeitura.santarosa.rs.gov.br\/index.php?rest_route=\/wp\/v2\/posts\/12580\/revisions\/12583"}],"wp:featuredmedia":[{"embeddable":true,"href":"https:\/\/prefeitura.santarosa.rs.gov.br\/index.php?rest_route=\/wp\/v2\/media\/12582"}],"wp:attachment":[{"href":"https:\/\/prefeitura.santarosa.rs.gov.br\/index.php?rest_route=%2Fwp%2Fv2%2Fmedia&parent=12580"}],"wp:term":[{"taxonomy":"category","embeddable":true,"href":"https:\/\/prefeitura.santarosa.rs.gov.br\/index.php?rest_route=%2Fwp%2Fv2%2Fcategories&post=12580"},{"taxonomy":"post_tag","embeddable":true,"href":"https:\/\/prefeitura.santarosa.rs.gov.br\/index.php?rest_route=%2Fwp%2Fv2%2Ftags&post=12580"}],"curies":[{"name":"wp","href":"https:\/\/api.w.org\/{rel}","templated":true}]}}