{"id":12576,"date":"2025-01-27T14:28:00","date_gmt":"2025-01-27T17:28:00","guid":{"rendered":"https:\/\/prefeitura.santarosa.rs.gov.br\/?p=12576"},"modified":"2025-01-27T14:28:00","modified_gmt":"2025-01-27T17:28:00","slug":"reabertura-das-inscricoes-do-edital-de-pontos-de-cultura-da-lei-aldir-blanc","status":"publish","type":"post","link":"https:\/\/prefeitura.santarosa.rs.gov.br\/?p=12576","title":{"rendered":"Reabertura das inscri\u00e7\u00f5es do edital de Pontos de Cultura, da Lei Aldir Blanc."},"content":{"rendered":"\n<figure class=\"wp-block-image size-full\"><img fetchpriority=\"high\" decoding=\"async\" width=\"860\" height=\"645\" src=\"https:\/\/prefeitura.santarosa.rs.gov.br\/wp-content\/uploads\/2025\/01\/Formato-Site-e-Portal-860X645-JPG-100.jpg\" alt=\"\" class=\"wp-image-12577\" srcset=\"https:\/\/prefeitura.santarosa.rs.gov.br\/wp-content\/uploads\/2025\/01\/Formato-Site-e-Portal-860X645-JPG-100.jpg 860w, https:\/\/prefeitura.santarosa.rs.gov.br\/wp-content\/uploads\/2025\/01\/Formato-Site-e-Portal-860X645-JPG-100-300x225.jpg 300w, https:\/\/prefeitura.santarosa.rs.gov.br\/wp-content\/uploads\/2025\/01\/Formato-Site-e-Portal-860X645-JPG-100-768x576.jpg 768w\" sizes=\"(max-width: 860px) 100vw, 860px\" \/><\/figure>\n\n\n\n<p>As inscri\u00e7\u00f5es \u00e9 at\u00e9 o dia 31\/03\/2025.<\/p>\n\n\n\n<p>Segue abaixo a quantidade de projetos e os respectivos recursos:<\/p>\n\n\n\n<p>Valor total de R$&nbsp;138.888,46, para a sele\u00e7\u00e3o de&nbsp;05&nbsp;projetos,<br>dividido entre as categorias de apoio descritas no Anexo I do edital,&nbsp;distribu\u00eddos da seguinte forma em uma&nbsp;Categoria Livre:<br>a)&nbsp;1 (um)&nbsp;projeto de&nbsp;R$&nbsp;38.000,00&nbsp;(trinta e oito mil reais);<br>b)&nbsp;2&nbsp;(dois)&nbsp;projetos de&nbsp;R$&nbsp;30.000,00&nbsp;(trinta mil reais);<br>c)&nbsp;2&nbsp;(dois) projetos de&nbsp;R$&nbsp;20.444,23&nbsp;(vinte mil, quatrocentos e quarenta e quatro reais, e vinte e tr\u00eas centavos).<\/p>\n\n\n\n<p>Poder\u00e3o participar Pontos e Pont\u00f5es de Cultura com no m\u00ednimo tr\u00eas anos de exist\u00eancia e desenvolvimento de atividade cultural. CNPJ, certificado pelo Minist\u00e9rio da Cultura ou que ainda n\u00e3o estejam certificados desde que cumpram os requisitos para certifica\u00e7\u00e3o no Cadastro Nacional, conforme item 3 do edital.<\/p>\n\n\n\n<p>As inscri\u00e7\u00f5es ser\u00e3o no Departamento de Cultura, em dias de expediente, sito na Pra\u00e7a da Bandeira, 68, ou digital, para o e-mail pnab@santarosa.rs.gov.br<\/p>\n\n\n\n<p>Confira os detalhes no link abaixo:<\/p>\n\n\n\n<p><\/p>\n\n\n\n<p><a href=\"https:\/\/santarosa.atende.net\/cidadao\/pagina\/lei-aldir-blanc\">https:\/\/santarosa.atende.net\/cidadao\/pagina\/lei-aldir-blanc<\/a><\/p>\n\n\n\n<p><\/p>\n","protected":false},"excerpt":{"rendered":"<p>As inscri\u00e7\u00f5es \u00e9 at\u00e9 o dia 31\/03\/2025. Segue abaixo a quantidade de projetos e os respectivos recursos: Valor total de<\/p>\n","protected":false},"author":6,"featured_media":12578,"comment_status":"closed","ping_status":"closed","sticky":false,"template":"","format":"standard","meta":{"footnotes":""},"categories":[4,18],"tags":[],"class_list":["post-12576","post","type-post","status-publish","format-standard","has-post-thumbnail","hentry","category-noticias","category-secretaria-municipal-de-educacao-e-cultura"],"aioseo_notices":[],"_links":{"self":[{"href":"https:\/\/prefeitura.santarosa.rs.gov.br\/index.php?rest_route=\/wp\/v2\/posts\/12576","targetHints":{"allow":["GET"]}}],"collection":[{"href":"https:\/\/prefeitura.santarosa.rs.gov.br\/index.php?rest_route=\/wp\/v2\/posts"}],"about":[{"href":"https:\/\/prefeitura.santarosa.rs.gov.br\/index.php?rest_route=\/wp\/v2\/types\/post"}],"author":[{"embeddable":true,"href":"https:\/\/prefeitura.santarosa.rs.gov.br\/index.php?rest_route=\/wp\/v2\/users\/6"}],"replies":[{"embeddable":true,"href":"https:\/\/prefeitura.santarosa.rs.gov.br\/index.php?rest_route=%2Fwp%2Fv2%2Fcomments&post=12576"}],"version-history":[{"count":1,"href":"https:\/\/prefeitura.santarosa.rs.gov.br\/index.php?rest_route=\/wp\/v2\/posts\/12576\/revisions"}],"predecessor-version":[{"id":12579,"href":"https:\/\/prefeitura.santarosa.rs.gov.br\/index.php?rest_route=\/wp\/v2\/posts\/12576\/revisions\/12579"}],"wp:featuredmedia":[{"embeddable":true,"href":"https:\/\/prefeitura.santarosa.rs.gov.br\/index.php?rest_route=\/wp\/v2\/media\/12578"}],"wp:attachment":[{"href":"https:\/\/prefeitura.santarosa.rs.gov.br\/index.php?rest_route=%2Fwp%2Fv2%2Fmedia&parent=12576"}],"wp:term":[{"taxonomy":"category","embeddable":true,"href":"https:\/\/prefeitura.santarosa.rs.gov.br\/index.php?rest_route=%2Fwp%2Fv2%2Fcategories&post=12576"},{"taxonomy":"post_tag","embeddable":true,"href":"https:\/\/prefeitura.santarosa.rs.gov.br\/index.php?rest_route=%2Fwp%2Fv2%2Ftags&post=12576"}],"curies":[{"name":"wp","href":"https:\/\/api.w.org\/{rel}","templated":true}]}}