{"id":12567,"date":"2025-01-24T09:37:16","date_gmt":"2025-01-24T12:37:16","guid":{"rendered":"https:\/\/prefeitura.santarosa.rs.gov.br\/?p=12567"},"modified":"2025-01-24T09:37:16","modified_gmt":"2025-01-24T12:37:16","slug":"retrospectivas-2024-unidades-basicas-de-saude-sete-de-setembro","status":"publish","type":"post","link":"https:\/\/prefeitura.santarosa.rs.gov.br\/?p=12567","title":{"rendered":"Retrospectivas 2024 Unidades B\u00e1sicas de Sa\u00fade: Sete de Setembro"},"content":{"rendered":"\n<figure class=\"wp-block-image size-full\"><img fetchpriority=\"high\" decoding=\"async\" width=\"860\" height=\"645\" src=\"https:\/\/prefeitura.santarosa.rs.gov.br\/wp-content\/uploads\/2025\/01\/Formato-Site-e-Portal-860X645-JPG-98.jpg\" alt=\"\" class=\"wp-image-12568\" srcset=\"https:\/\/prefeitura.santarosa.rs.gov.br\/wp-content\/uploads\/2025\/01\/Formato-Site-e-Portal-860X645-JPG-98.jpg 860w, https:\/\/prefeitura.santarosa.rs.gov.br\/wp-content\/uploads\/2025\/01\/Formato-Site-e-Portal-860X645-JPG-98-300x225.jpg 300w, https:\/\/prefeitura.santarosa.rs.gov.br\/wp-content\/uploads\/2025\/01\/Formato-Site-e-Portal-860X645-JPG-98-768x576.jpg 768w\" sizes=\"(max-width: 860px) 100vw, 860px\" \/><\/figure>\n\n\n\n<p>A equipe da Unidade B\u00e1sica de Sa\u00fade Sete de Setembro, localizada no interior de Santa Rosa, realizou mais de 45 mil procedimentos no \u00faltimo ano. Um dos destaques foi o trabalho intensivo realizado pelos Agentes Comunit\u00e1rios de Sa\u00fade (ACS), com mais de 17 mil atendimentos, al\u00e9m disso, aconteceram tamb\u00e9m de janeiro a dezembro, 17.083 visitas domiciliares. Em 2024, a UBS completou 44 anos de hist\u00f3ria, consolidando seu compromisso com a sa\u00fade e bem-estar da popula\u00e7\u00e3o.<br>A unidade atende atualmente 2.329 pessoas, sendo 1.153 homens e 1.176 mulheres. Al\u00e9m das a\u00e7\u00f5es de rotina, a equipe de 17 profissionais que atua na UBS realizou importantes eventos e campanhas de promo\u00e7\u00e3o \u00e0 sa\u00fade. A equipe desenvolveu a\u00e7\u00f5es do Programa Sa\u00fade na Escola (PSE), atividades voltadas para o Outubro Rosa, com encontros e palestras com o grupo Mama Viva, e tamb\u00e9m a campanha Novembro Azul, com conscientiza\u00e7\u00e3o e cuidados para a sa\u00fade masculina, incluindo corte de cabelo para os homens da comunidade. Durante o ano, tamb\u00e9m foi dada sequ\u00eancia ao grupo para pacientes cr\u00f4nicos, com hipertens\u00e3o e diabetes.<br>Em 2025, a coordena\u00e7\u00e3o da UBS Sete de Setembro se prepara para expandir os servi\u00e7os ofertados com o planejamento de grupos de atividades para os idosos, com foco em promover o envelhecimento saud\u00e1vel e a inclus\u00e3o. A coordenadora Jenifer Rafaela Eweling da Cruz destaca os avan\u00e7os do ano que passou e as expectativas para 2025, \u201cConseguimos realizar diversas a\u00e7\u00f5es de promo\u00e7\u00e3o \u00e0 sa\u00fade e seguimos com o compromisso de oferecer um atendimento de qualidade, humanizado e centrado no usu\u00e1rio. No pr\u00f3ximo ano, nosso objetivo ser\u00e1 continuar fortalecendo a preven\u00e7\u00e3o de doen\u00e7as e melhorar a sa\u00fade f\u00edsica e mental da popula\u00e7\u00e3o\u201d.<br>Fazem parte da \u00e1rea de abrang\u00eancia da UBS Sete de Setembro, as seguintes localidades: Vila Sete de Setembro e diversas linhas vizinhas, como Linha Boa Vista, Linha Cascata, Linha Federa\u00e7\u00e3o, Linha das Flores, Linha Mirim, Linha Doutor Pedro de Toledo, Linha Quinze de Novembro, Linha Sete Norte, Linha Sete Sul e Treze de Maio.<\/p>\n\n\n\n<p><\/p>\n","protected":false},"excerpt":{"rendered":"<p>A equipe da Unidade B\u00e1sica de Sa\u00fade Sete de Setembro, localizada no interior de Santa Rosa, realizou mais de 45<\/p>\n","protected":false},"author":6,"featured_media":12569,"comment_status":"closed","ping_status":"open","sticky":false,"template":"","format":"standard","meta":{"footnotes":""},"categories":[4,8],"tags":[],"class_list":["post-12567","post","type-post","status-publish","format-standard","has-post-thumbnail","hentry","category-noticias","category-noticias-fumssar"],"aioseo_notices":[],"_links":{"self":[{"href":"https:\/\/prefeitura.santarosa.rs.gov.br\/index.php?rest_route=\/wp\/v2\/posts\/12567","targetHints":{"allow":["GET"]}}],"collection":[{"href":"https:\/\/prefeitura.santarosa.rs.gov.br\/index.php?rest_route=\/wp\/v2\/posts"}],"about":[{"href":"https:\/\/prefeitura.santarosa.rs.gov.br\/index.php?rest_route=\/wp\/v2\/types\/post"}],"author":[{"embeddable":true,"href":"https:\/\/prefeitura.santarosa.rs.gov.br\/index.php?rest_route=\/wp\/v2\/users\/6"}],"replies":[{"embeddable":true,"href":"https:\/\/prefeitura.santarosa.rs.gov.br\/index.php?rest_route=%2Fwp%2Fv2%2Fcomments&post=12567"}],"version-history":[{"count":1,"href":"https:\/\/prefeitura.santarosa.rs.gov.br\/index.php?rest_route=\/wp\/v2\/posts\/12567\/revisions"}],"predecessor-version":[{"id":12570,"href":"https:\/\/prefeitura.santarosa.rs.gov.br\/index.php?rest_route=\/wp\/v2\/posts\/12567\/revisions\/12570"}],"wp:featuredmedia":[{"embeddable":true,"href":"https:\/\/prefeitura.santarosa.rs.gov.br\/index.php?rest_route=\/wp\/v2\/media\/12569"}],"wp:attachment":[{"href":"https:\/\/prefeitura.santarosa.rs.gov.br\/index.php?rest_route=%2Fwp%2Fv2%2Fmedia&parent=12567"}],"wp:term":[{"taxonomy":"category","embeddable":true,"href":"https:\/\/prefeitura.santarosa.rs.gov.br\/index.php?rest_route=%2Fwp%2Fv2%2Fcategories&post=12567"},{"taxonomy":"post_tag","embeddable":true,"href":"https:\/\/prefeitura.santarosa.rs.gov.br\/index.php?rest_route=%2Fwp%2Fv2%2Ftags&post=12567"}],"curies":[{"name":"wp","href":"https:\/\/api.w.org\/{rel}","templated":true}]}}