{"id":12562,"date":"2025-01-23T16:04:07","date_gmt":"2025-01-23T19:04:07","guid":{"rendered":"https:\/\/prefeitura.santarosa.rs.gov.br\/?p=12562"},"modified":"2025-01-23T16:04:08","modified_gmt":"2025-01-23T19:04:08","slug":"retrospectivas-2024-escolas-municipais-emef-marques-do-herval","status":"publish","type":"post","link":"https:\/\/prefeitura.santarosa.rs.gov.br\/?p=12562","title":{"rendered":"Retrospectivas 2024 Escolas Municipais: EMEF Marqu\u00eas do Herval"},"content":{"rendered":"\n<figure class=\"wp-block-image size-full\"><img fetchpriority=\"high\" decoding=\"async\" width=\"860\" height=\"645\" src=\"https:\/\/prefeitura.santarosa.rs.gov.br\/wp-content\/uploads\/2025\/01\/Formato-Site-e-Portal-860X645-JPG-97.jpg\" alt=\"\" class=\"wp-image-12563\" srcset=\"https:\/\/prefeitura.santarosa.rs.gov.br\/wp-content\/uploads\/2025\/01\/Formato-Site-e-Portal-860X645-JPG-97.jpg 860w, https:\/\/prefeitura.santarosa.rs.gov.br\/wp-content\/uploads\/2025\/01\/Formato-Site-e-Portal-860X645-JPG-97-300x225.jpg 300w, https:\/\/prefeitura.santarosa.rs.gov.br\/wp-content\/uploads\/2025\/01\/Formato-Site-e-Portal-860X645-JPG-97-768x576.jpg 768w\" sizes=\"(max-width: 860px) 100vw, 860px\" \/><\/figure>\n\n\n\n<p>Em 2024, a EMEF Marqu\u00eas do Herval celebrou 51 anos de hist\u00f3ria. Ao longo do ano, a escola manteve o compromisso de promover um ensino inclusivo, transformador e voltado ao desenvolvimento integral dos estudantes. Atualmente, a institui\u00e7\u00e3o atende 228 alunos, sendo 98 estudantes no turno integral do 1\u00ba ao 4\u00ba ano, e 130 alunos do 5\u00ba ao 9\u00ba ano do ensino fundamental. Entre as a\u00e7\u00f5es mais relevantes, foram destaques as iniciativas que fortaleceram tanto o aprendizado acad\u00eamico quanto o compromisso social. O projeto \u201cFazer o Bem Faz Bem\u201d foi um dos grandes marcos do \u00faltimo ano, com a\u00e7\u00f5es solid\u00e1rias realizadas na comunidade local, incluindo duas atividades no Hospital Vida e Sa\u00fade e uma a\u00e7\u00e3o no Hemocentro.<br>A equipe de profissionais que atua na escola tamb\u00e9m deu continuidade ao \u201cProjeto Lixo Zero\u201d, com foco na conscientiza\u00e7\u00e3o sobre a import\u00e2ncia de cuidar do planeta. O JEPP (Jovens Empreendedores Primeiros Passos), em parceria com o SEBRAE, proporcionou aos alunos oportunidades de aprender sobre empreendedorismo de maneira pr\u00e1tica. As Oficinas de M\u00fasica, realizadas em parceria com a Recital, tamb\u00e9m se destacaram, oferecendo aos estudantes a chance de explorar suas habilidades art\u00edsticas. Al\u00e9m disso, os estudantes participaram com trabalhos na Feira do Conhecimento. A Diretora, Silvana Andr\u00e9ia Giese Trindade, enfatiza que a qualidade da educa\u00e7\u00e3o depende do empenho coletivo, \u201cEstamos a cada dia focados em melhorar os \u00edndices de aprendizagem dos nossos alunos, oferecendo momentos de refor\u00e7o escolar e formas de recupera\u00e7\u00e3o paralela. E isso s\u00f3 \u00e9 poss\u00edvel com a dedica\u00e7\u00e3o dos professores e de toda a equipe da escola\u201d.<br>Em 2025, a dire\u00e7\u00e3o da EMEF planeja buscar recursos para realizar melhorias na infraestrutura. A Secret\u00e1ria de Educa\u00e7\u00e3o, Josyane Heck, tamb\u00e9m refor\u00e7ou a import\u00e2ncia do trabalho de todos os profissionais da Rede Municipal de Ensino, &#8220;Contamos com professores e servidores capacitados que fazem a diferen\u00e7a na forma\u00e7\u00e3o de nossas crian\u00e7as e adolescentes&#8221;. A Escola Marqu\u00eas do Herval fica localizada na Rua Independ\u00eancia, n\u00ba 110, Vila Balne\u00e1ria.<\/p>\n","protected":false},"excerpt":{"rendered":"<p>Em 2024, a EMEF Marqu\u00eas do Herval celebrou 51 anos de hist\u00f3ria. Ao longo do ano, a escola manteve o<\/p>\n","protected":false},"author":6,"featured_media":12564,"comment_status":"closed","ping_status":"closed","sticky":false,"template":"","format":"standard","meta":{"footnotes":""},"categories":[4,18],"tags":[],"class_list":["post-12562","post","type-post","status-publish","format-standard","has-post-thumbnail","hentry","category-noticias","category-secretaria-municipal-de-educacao-e-cultura"],"aioseo_notices":[],"_links":{"self":[{"href":"https:\/\/prefeitura.santarosa.rs.gov.br\/index.php?rest_route=\/wp\/v2\/posts\/12562","targetHints":{"allow":["GET"]}}],"collection":[{"href":"https:\/\/prefeitura.santarosa.rs.gov.br\/index.php?rest_route=\/wp\/v2\/posts"}],"about":[{"href":"https:\/\/prefeitura.santarosa.rs.gov.br\/index.php?rest_route=\/wp\/v2\/types\/post"}],"author":[{"embeddable":true,"href":"https:\/\/prefeitura.santarosa.rs.gov.br\/index.php?rest_route=\/wp\/v2\/users\/6"}],"replies":[{"embeddable":true,"href":"https:\/\/prefeitura.santarosa.rs.gov.br\/index.php?rest_route=%2Fwp%2Fv2%2Fcomments&post=12562"}],"version-history":[{"count":1,"href":"https:\/\/prefeitura.santarosa.rs.gov.br\/index.php?rest_route=\/wp\/v2\/posts\/12562\/revisions"}],"predecessor-version":[{"id":12565,"href":"https:\/\/prefeitura.santarosa.rs.gov.br\/index.php?rest_route=\/wp\/v2\/posts\/12562\/revisions\/12565"}],"wp:featuredmedia":[{"embeddable":true,"href":"https:\/\/prefeitura.santarosa.rs.gov.br\/index.php?rest_route=\/wp\/v2\/media\/12564"}],"wp:attachment":[{"href":"https:\/\/prefeitura.santarosa.rs.gov.br\/index.php?rest_route=%2Fwp%2Fv2%2Fmedia&parent=12562"}],"wp:term":[{"taxonomy":"category","embeddable":true,"href":"https:\/\/prefeitura.santarosa.rs.gov.br\/index.php?rest_route=%2Fwp%2Fv2%2Fcategories&post=12562"},{"taxonomy":"post_tag","embeddable":true,"href":"https:\/\/prefeitura.santarosa.rs.gov.br\/index.php?rest_route=%2Fwp%2Fv2%2Ftags&post=12562"}],"curies":[{"name":"wp","href":"https:\/\/api.w.org\/{rel}","templated":true}]}}