{"id":1256,"date":"2021-07-07T13:27:00","date_gmt":"2021-07-07T16:27:00","guid":{"rendered":"https:\/\/prefeitura.santarosa.rs.gov.br\/?p=1256"},"modified":"2024-10-07T09:55:01","modified_gmt":"2024-10-07T12:55:01","slug":"protocolos-de-prevencao-sao-intensificados-na-ubs-balnearia","status":"publish","type":"post","link":"https:\/\/prefeitura.santarosa.rs.gov.br\/?p=1256","title":{"rendered":"Protocolos de preven\u00e7\u00e3o s\u00e3o intensificados na UBS Balne\u00e1ria"},"content":{"rendered":"\n<p>Com a chegada da pandemia, houve a necessidade da implanta\u00e7\u00e3o de v\u00e1rios protocolos de preven\u00e7\u00e3o<\/p>\n\n\n\n<p>A Unidade B\u00e1sica de Sa\u00fade da Balne\u00e1ria intensificou os cuidados de preven\u00e7\u00e3o ao COVID-19. Com a chegada da pandemia, houve a necessidade da implanta\u00e7\u00e3o de v\u00e1rios protocolos de preven\u00e7\u00e3o. Al\u00e9m do uso constante da m\u00e1scara e do \u00e1lcool gel, restri\u00e7\u00e3o do n\u00famero de pessoas na unidade, como tamb\u00e9m a verifica\u00e7\u00e3o da temperatura ao chegar no posto e o agendamento pr\u00e9vio para vacina\u00e7\u00e3o, evitando assim, a aglomera\u00e7\u00e3o de pessoas.<br>A UBS Balne\u00e1ria disponibiliza diversos servi\u00e7os que atendem em torno de 4.240 habitantes da comunidade local. O atendimento come\u00e7a com o acolhimento, no per\u00edodo da manh\u00e3, onde ocorre uma triagem dos pacientes que logo s\u00e3o encaminhados aos profissionais indicados. Tamb\u00e9m s\u00e3o realizadas na unidade, as vacinas do calend\u00e1rio vacinal. Vacinas da gripe com livre demanda nos grupos priorit\u00e1rios e vacinas da COVID-19 conforme agendamento e faixa et\u00e1ria estipulada pela FUMSSAR.<br><br>Para a coordenadora da Balne\u00e1ria, Clair Maria Werepkowski, a miss\u00e3o da UBS \u00e9 oferecer preven\u00e7\u00e3o e promo\u00e7\u00e3o de sa\u00fade para as fam\u00edlias, \u201cFazer parte da enfermagem, sendo integrante da fam\u00edlia FUMSSAR, \u00e9 muito desafiador por estarmos vivendo um momento diferente, onde tivemos que encontrar novas formas de organiza\u00e7\u00e3o para atendimento a pacientes, definindo prioridades. Contudo, n\u00e3o esquecendo o cuidado continuado aos que precisam destes servi\u00e7os t\u00e3o importantes para a comunidade local\u201d. O posto conta com uma equipe multidisciplinar composta por: 01 m\u00e9dico, 01 enfermeira, 03 t\u00e9cnicas de enfermagem, 04 agentes de sa\u00fade, 02 agentes de endemias, 01 estagi\u00e1ria de administra\u00e7\u00e3o e 01 auxiliar de servi\u00e7os gerais. Al\u00e9m desta equipe, a unidade disp\u00f5e de outras especialidades: psic\u00f3loga, nutricionista e fonoaudi\u00f3loga. Tamb\u00e9m \u00e9 oferecido servi\u00e7o odontol\u00f3gico por 01 dentista e 01 auxiliar de sa\u00fade bucal.<br><br>A Unidade B\u00e1sica de Sa\u00fade tamb\u00e9m possui Grupos de Gin\u00e1stica, Atividades com Escolares, atrav\u00e9s do Programa Sa\u00fade na Escola, Oficina Terap\u00eautica e Reuni\u00f5es com a Comunidade. Todas est\u00e3o suspensas devido a pandemia e devem voltar assim que houver libera\u00e7\u00e3o. A UBS Balne\u00e1ria fica localizada na Rua Castro Alves, 47, Vila Balne\u00e1ria &#8211; Santa Rosa. O hor\u00e1rio de funcionamento \u00e9 de segunda \u00e0 sexta-feira, das 07h30 \u00e0s 11h30 e das 13h30 \u00e0s 17h30. Os telefones para contato s\u00e3o: (55) 3513-5168 | 99632-8485.<\/p>\n","protected":false},"excerpt":{"rendered":"<p>Com a chegada da pandemia, houve a necessidade da implanta\u00e7\u00e3o de v\u00e1rios protocolos de preven\u00e7\u00e3o A Unidade B\u00e1sica de Sa\u00fade<\/p>\n","protected":false},"author":3,"featured_media":1257,"comment_status":"open","ping_status":"open","sticky":false,"template":"","format":"standard","meta":{"footnotes":""},"categories":[6,4,8],"tags":[],"class_list":["post-1256","post","type-post","status-publish","format-standard","has-post-thumbnail","hentry","category-covid-19","category-noticias","category-noticias-fumssar"],"aioseo_notices":[],"_links":{"self":[{"href":"https:\/\/prefeitura.santarosa.rs.gov.br\/index.php?rest_route=\/wp\/v2\/posts\/1256","targetHints":{"allow":["GET"]}}],"collection":[{"href":"https:\/\/prefeitura.santarosa.rs.gov.br\/index.php?rest_route=\/wp\/v2\/posts"}],"about":[{"href":"https:\/\/prefeitura.santarosa.rs.gov.br\/index.php?rest_route=\/wp\/v2\/types\/post"}],"author":[{"embeddable":true,"href":"https:\/\/prefeitura.santarosa.rs.gov.br\/index.php?rest_route=\/wp\/v2\/users\/3"}],"replies":[{"embeddable":true,"href":"https:\/\/prefeitura.santarosa.rs.gov.br\/index.php?rest_route=%2Fwp%2Fv2%2Fcomments&post=1256"}],"version-history":[{"count":1,"href":"https:\/\/prefeitura.santarosa.rs.gov.br\/index.php?rest_route=\/wp\/v2\/posts\/1256\/revisions"}],"predecessor-version":[{"id":1258,"href":"https:\/\/prefeitura.santarosa.rs.gov.br\/index.php?rest_route=\/wp\/v2\/posts\/1256\/revisions\/1258"}],"wp:featuredmedia":[{"embeddable":true,"href":"https:\/\/prefeitura.santarosa.rs.gov.br\/index.php?rest_route=\/wp\/v2\/media\/1257"}],"wp:attachment":[{"href":"https:\/\/prefeitura.santarosa.rs.gov.br\/index.php?rest_route=%2Fwp%2Fv2%2Fmedia&parent=1256"}],"wp:term":[{"taxonomy":"category","embeddable":true,"href":"https:\/\/prefeitura.santarosa.rs.gov.br\/index.php?rest_route=%2Fwp%2Fv2%2Fcategories&post=1256"},{"taxonomy":"post_tag","embeddable":true,"href":"https:\/\/prefeitura.santarosa.rs.gov.br\/index.php?rest_route=%2Fwp%2Fv2%2Ftags&post=1256"}],"curies":[{"name":"wp","href":"https:\/\/api.w.org\/{rel}","templated":true}]}}