{"id":12549,"date":"2025-01-22T16:00:46","date_gmt":"2025-01-22T19:00:46","guid":{"rendered":"https:\/\/prefeitura.santarosa.rs.gov.br\/?p=12549"},"modified":"2025-01-22T16:00:46","modified_gmt":"2025-01-22T19:00:46","slug":"conselho-municipal-antidrogas-realiza-pedagio-consciente","status":"publish","type":"post","link":"https:\/\/prefeitura.santarosa.rs.gov.br\/?p=12549","title":{"rendered":"Conselho Municipal Antidrogas realiza Ped\u00e1gio Consciente"},"content":{"rendered":"\n<figure class=\"wp-block-image size-full\"><img fetchpriority=\"high\" decoding=\"async\" width=\"860\" height=\"645\" src=\"https:\/\/prefeitura.santarosa.rs.gov.br\/wp-content\/uploads\/2025\/01\/Formato-Site-e-Portal-860X645-JPG-94.jpg\" alt=\"\" class=\"wp-image-12550\" srcset=\"https:\/\/prefeitura.santarosa.rs.gov.br\/wp-content\/uploads\/2025\/01\/Formato-Site-e-Portal-860X645-JPG-94.jpg 860w, https:\/\/prefeitura.santarosa.rs.gov.br\/wp-content\/uploads\/2025\/01\/Formato-Site-e-Portal-860X645-JPG-94-300x225.jpg 300w, https:\/\/prefeitura.santarosa.rs.gov.br\/wp-content\/uploads\/2025\/01\/Formato-Site-e-Portal-860X645-JPG-94-768x576.jpg 768w\" sizes=\"(max-width: 860px) 100vw, 860px\" \/><\/figure>\n\n\n\n<p>Na manh\u00e3 de ter\u00e7a feira, 21, membros do COMAD &#8211; Conselho Municipal Antidrogas de Santa Rosa realizaram um &#8220;Ped\u00e1gio Consciente&#8221; em alus\u00e3o ao Janeiro Branco, m\u00eas dedicado \u00e0 conscientiza\u00e7\u00e3o sobre a sa\u00fade mental.<br>A a\u00e7\u00e3o foi realizada na sinaleira da Av. Expedicion\u00e1rio Weber, nas proximidades do Quartel, onde os participantes distribu\u00edram folders com 12 dicas de como cuidar da sa\u00fade mental, promovendo a import\u00e2ncia do autocuidado, da busca por apoio psicol\u00f3gico e de pr\u00e1ticas saud\u00e1veis para o equil\u00edbrio emocional.<br>O objetivo desta a\u00e7\u00e3o foi sensibilizar a popula\u00e7\u00e3o sobre a rela\u00e7\u00e3o entre sa\u00fade mental e preven\u00e7\u00e3o ao uso de subst\u00e2ncias, al\u00e9m de refor\u00e7ar a necessidade de tratar a mente com a mesma aten\u00e7\u00e3o que se dedica ao corpo, fortalecendo a luta contra o uso de drogas e a promo\u00e7\u00e3o do bem-estar geral da comunidade.<br>Na mesma oportunidade aproveitou-se para divulgar o Conselho Municipal Antidrogas, que tem como objetivo principal atuar na preven\u00e7\u00e3o, orienta\u00e7\u00e3o, fiscaliza\u00e7\u00e3o e controle das pol\u00edticas p\u00fablicas ao uso de \u00e1lcool e outras drogas.<\/p>\n","protected":false},"excerpt":{"rendered":"<p>Na manh\u00e3 de ter\u00e7a feira, 21, membros do COMAD &#8211; Conselho Municipal Antidrogas de Santa Rosa realizaram um &#8220;Ped\u00e1gio Consciente&#8221;<\/p>\n","protected":false},"author":6,"featured_media":12551,"comment_status":"closed","ping_status":"closed","sticky":false,"template":"","format":"standard","meta":{"footnotes":""},"categories":[10,4],"tags":[],"class_list":["post-12549","post","type-post","status-publish","format-standard","has-post-thumbnail","hentry","category-geral","category-noticias"],"aioseo_notices":[],"_links":{"self":[{"href":"https:\/\/prefeitura.santarosa.rs.gov.br\/index.php?rest_route=\/wp\/v2\/posts\/12549","targetHints":{"allow":["GET"]}}],"collection":[{"href":"https:\/\/prefeitura.santarosa.rs.gov.br\/index.php?rest_route=\/wp\/v2\/posts"}],"about":[{"href":"https:\/\/prefeitura.santarosa.rs.gov.br\/index.php?rest_route=\/wp\/v2\/types\/post"}],"author":[{"embeddable":true,"href":"https:\/\/prefeitura.santarosa.rs.gov.br\/index.php?rest_route=\/wp\/v2\/users\/6"}],"replies":[{"embeddable":true,"href":"https:\/\/prefeitura.santarosa.rs.gov.br\/index.php?rest_route=%2Fwp%2Fv2%2Fcomments&post=12549"}],"version-history":[{"count":1,"href":"https:\/\/prefeitura.santarosa.rs.gov.br\/index.php?rest_route=\/wp\/v2\/posts\/12549\/revisions"}],"predecessor-version":[{"id":12552,"href":"https:\/\/prefeitura.santarosa.rs.gov.br\/index.php?rest_route=\/wp\/v2\/posts\/12549\/revisions\/12552"}],"wp:featuredmedia":[{"embeddable":true,"href":"https:\/\/prefeitura.santarosa.rs.gov.br\/index.php?rest_route=\/wp\/v2\/media\/12551"}],"wp:attachment":[{"href":"https:\/\/prefeitura.santarosa.rs.gov.br\/index.php?rest_route=%2Fwp%2Fv2%2Fmedia&parent=12549"}],"wp:term":[{"taxonomy":"category","embeddable":true,"href":"https:\/\/prefeitura.santarosa.rs.gov.br\/index.php?rest_route=%2Fwp%2Fv2%2Fcategories&post=12549"},{"taxonomy":"post_tag","embeddable":true,"href":"https:\/\/prefeitura.santarosa.rs.gov.br\/index.php?rest_route=%2Fwp%2Fv2%2Ftags&post=12549"}],"curies":[{"name":"wp","href":"https:\/\/api.w.org\/{rel}","templated":true}]}}