{"id":12536,"date":"2025-01-22T10:07:58","date_gmt":"2025-01-22T13:07:58","guid":{"rendered":"https:\/\/prefeitura.santarosa.rs.gov.br\/?p=12536"},"modified":"2025-01-22T10:07:58","modified_gmt":"2025-01-22T13:07:58","slug":"mais-de-300-pessoas-utilizam-as-quadras-do-parcao-por-dia","status":"publish","type":"post","link":"https:\/\/prefeitura.santarosa.rs.gov.br\/?p=12536","title":{"rendered":"Mais de 300 pessoas utilizam as Quadras do Parc\u00e3o por dia"},"content":{"rendered":"\n<figure class=\"wp-block-image size-full\"><img fetchpriority=\"high\" decoding=\"async\" width=\"860\" height=\"645\" src=\"https:\/\/prefeitura.santarosa.rs.gov.br\/wp-content\/uploads\/2025\/01\/Formato-Site-e-Portal-860X645-JPG-91.jpg\" alt=\"\" class=\"wp-image-12537\" srcset=\"https:\/\/prefeitura.santarosa.rs.gov.br\/wp-content\/uploads\/2025\/01\/Formato-Site-e-Portal-860X645-JPG-91.jpg 860w, https:\/\/prefeitura.santarosa.rs.gov.br\/wp-content\/uploads\/2025\/01\/Formato-Site-e-Portal-860X645-JPG-91-300x225.jpg 300w, https:\/\/prefeitura.santarosa.rs.gov.br\/wp-content\/uploads\/2025\/01\/Formato-Site-e-Portal-860X645-JPG-91-768x576.jpg 768w\" sizes=\"(max-width: 860px) 100vw, 860px\" \/><\/figure>\n\n\n\n<p>Desde que foi inaugurada a nova estrutura do Parc\u00e3o, a comunidade tem aproveitado o espa\u00e7o para lazer, mas principalmente para pr\u00e1tica de esportes. S\u00f3 nas 4 quadras que tem agendamento, mais de 300 pessoas circulam por dia no espa\u00e7o, que conta tamb\u00e9m com mais duas quadras de basquete. Os espa\u00e7os est\u00e3o abertos todos os dias, das 06h da manh\u00e3 \u00e0 meia-noite, gratuitamente. Para utilizar basta realizar o agendamento de forma online.<\/p>\n\n\n\n<p>Com a ilumina\u00e7\u00e3o de led, tamb\u00e9m foi poss\u00edvel ampliar os agendamentos para a noite. O Secret\u00e1rio Fernando Braz destaca que com a nova estrutura ampliou muito a utiliza\u00e7\u00e3o das quadras, \u201cDesde que reformamos o espa\u00e7o, as pessoas tem aproveitado todos os dias as quadras, at\u00e9 a meio noite sempre tem gente jogando. Esse \u00e9 um espa\u00e7o diferenciado que temos para a pr\u00e1tica de esportes em nossa cidade\u201d. Para agendamentos basta o atleta entrar no Portal do Cidad\u00e3o. As reservas s\u00e3o de 1 hora de dura\u00e7\u00e3o, com a possibilidade de at\u00e9 02 hor\u00e1rios por dia, por pessoa, em quadras distintas. As quadras de basquete t\u00eam uso livre, sem necessidade de reserva.<\/p>\n\n\n\n<p>Confira no link abaixo:<\/p>\n\n\n\n<p><a href=\"https:\/\/santarosa.atende.net\/autoatendimento\/servicos\/reserva-de-espaco-publico\" target=\"_blank\" rel=\"noopener\" title=\"\">https:\/\/santarosa.atende.net\/autoatendimento\/servicos\/reserva-de-espaco-publico<\/a><\/p>\n\n\n\n<p>COMO SOLICITAR A RESERVA?<\/p>\n\n\n\n<p>Selecione no campo &#8220;Espa\u00e7o P\u00fablico&#8221;, uma das op\u00e7\u00f5es de quadra dispon\u00edveis, sendo:<\/p>\n\n\n\n<p>3 &#8211; Quadra de Beach Tennis;<\/p>\n\n\n\n<p>4 &#8211; Quadra de V\u00f4lei;<\/p>\n\n\n\n<p>5 &#8211; Quadra de Futev\u00f4lei;<\/p>\n\n\n\n<p>6 &#8211; Quadra de Beach Soccer;<\/p>\n\n\n\n<ul class=\"wp-block-list\">\n<li>Selecione tamb\u00e9m a data e o hor\u00e1rio desejado.<\/li>\n\n\n\n<li>O usu\u00e1rio poder\u00e1 selecionar no m\u00e1ximo duas quadras em seu nome no mesmo dia e estas devem ser quadras diferentes uma da outra.<\/li>\n\n\n\n<li>Aguarde o e-mail de retorno que ir\u00e1 informar se a reserva foi aprovada ou n\u00e3o.<\/li>\n<\/ul>\n\n\n\n<p><\/p>\n","protected":false},"excerpt":{"rendered":"<p>Desde que foi inaugurada a nova estrutura do Parc\u00e3o, a comunidade tem aproveitado o espa\u00e7o para lazer, mas principalmente para<\/p>\n","protected":false},"author":6,"featured_media":12538,"comment_status":"closed","ping_status":"closed","sticky":false,"template":"","format":"standard","meta":{"footnotes":""},"categories":[4,19],"tags":[],"class_list":["post-12536","post","type-post","status-publish","format-standard","has-post-thumbnail","hentry","category-noticias","category-secretaria-municipal-de-esporte"],"aioseo_notices":[],"_links":{"self":[{"href":"https:\/\/prefeitura.santarosa.rs.gov.br\/index.php?rest_route=\/wp\/v2\/posts\/12536","targetHints":{"allow":["GET"]}}],"collection":[{"href":"https:\/\/prefeitura.santarosa.rs.gov.br\/index.php?rest_route=\/wp\/v2\/posts"}],"about":[{"href":"https:\/\/prefeitura.santarosa.rs.gov.br\/index.php?rest_route=\/wp\/v2\/types\/post"}],"author":[{"embeddable":true,"href":"https:\/\/prefeitura.santarosa.rs.gov.br\/index.php?rest_route=\/wp\/v2\/users\/6"}],"replies":[{"embeddable":true,"href":"https:\/\/prefeitura.santarosa.rs.gov.br\/index.php?rest_route=%2Fwp%2Fv2%2Fcomments&post=12536"}],"version-history":[{"count":1,"href":"https:\/\/prefeitura.santarosa.rs.gov.br\/index.php?rest_route=\/wp\/v2\/posts\/12536\/revisions"}],"predecessor-version":[{"id":12539,"href":"https:\/\/prefeitura.santarosa.rs.gov.br\/index.php?rest_route=\/wp\/v2\/posts\/12536\/revisions\/12539"}],"wp:featuredmedia":[{"embeddable":true,"href":"https:\/\/prefeitura.santarosa.rs.gov.br\/index.php?rest_route=\/wp\/v2\/media\/12538"}],"wp:attachment":[{"href":"https:\/\/prefeitura.santarosa.rs.gov.br\/index.php?rest_route=%2Fwp%2Fv2%2Fmedia&parent=12536"}],"wp:term":[{"taxonomy":"category","embeddable":true,"href":"https:\/\/prefeitura.santarosa.rs.gov.br\/index.php?rest_route=%2Fwp%2Fv2%2Fcategories&post=12536"},{"taxonomy":"post_tag","embeddable":true,"href":"https:\/\/prefeitura.santarosa.rs.gov.br\/index.php?rest_route=%2Fwp%2Fv2%2Ftags&post=12536"}],"curies":[{"name":"wp","href":"https:\/\/api.w.org\/{rel}","templated":true}]}}