{"id":12531,"date":"2025-01-21T15:39:58","date_gmt":"2025-01-21T18:39:58","guid":{"rendered":"https:\/\/prefeitura.santarosa.rs.gov.br\/?p=12531"},"modified":"2025-01-21T15:43:33","modified_gmt":"2025-01-21T18:43:33","slug":"retrospectivas-2024-escolas-municipais-emei-amiguinhos-da-balnearia","status":"publish","type":"post","link":"https:\/\/prefeitura.santarosa.rs.gov.br\/?p=12531","title":{"rendered":"Retrospectivas 2024 Escolas Municipais: EMEI Amiguinhos da Balne\u00e1ria"},"content":{"rendered":"\n<figure class=\"wp-block-image size-full\"><img fetchpriority=\"high\" decoding=\"async\" width=\"860\" height=\"645\" src=\"https:\/\/prefeitura.santarosa.rs.gov.br\/wp-content\/uploads\/2025\/01\/Formato-Site-e-Portal-860X645-JPG-90.jpg\" alt=\"\" class=\"wp-image-12532\" srcset=\"https:\/\/prefeitura.santarosa.rs.gov.br\/wp-content\/uploads\/2025\/01\/Formato-Site-e-Portal-860X645-JPG-90.jpg 860w, https:\/\/prefeitura.santarosa.rs.gov.br\/wp-content\/uploads\/2025\/01\/Formato-Site-e-Portal-860X645-JPG-90-300x225.jpg 300w, https:\/\/prefeitura.santarosa.rs.gov.br\/wp-content\/uploads\/2025\/01\/Formato-Site-e-Portal-860X645-JPG-90-768x576.jpg 768w\" sizes=\"(max-width: 860px) 100vw, 860px\" \/><\/figure>\n\n\n\n<p>A Escola Municipal de Educa\u00e7\u00e3o Infantil Amiguinhos da Balne\u00e1ria, atende 80 alunos em turmas de ber\u00e7\u00e1rio e maternal. Em 2024, a equipe realizou diversas a\u00e7\u00f5es voltadas para o desenvolvimento integral das crian\u00e7as, sempre com um olhar atento para a forma\u00e7\u00e3o de cidad\u00e3os conscientes e respons\u00e1veis. Dentre as principais iniciativas, foram destaque os projetos \u201cAlimenta\u00e7\u00e3o Saud\u00e1vel\u201d e \u201cMeio Ambiente\u201d. No projeto de alimenta\u00e7\u00e3o, as crian\u00e7as e suas fam\u00edlias foram incentivadas a adotar h\u00e1bitos alimentares mais saud\u00e1veis. Al\u00e9m disso, o trabalho com a horta em garrafas PET permitiu que os pequenos plantassem legumes e hortali\u00e7as, acompanhando o processo de cultivo e colheita.<\/p>\n\n\n\n<p>Outro grande destaque do ano que passou foi a realiza\u00e7\u00e3o de uma mostra de trabalhos no Parque de Exposi\u00e7\u00f5es, na qual foram exibidas fotografias de todas as turmas. Al\u00e9m disso, o espet\u00e1culo de natal e a inaugura\u00e7\u00e3o de um novo espa\u00e7o na escola, constru\u00eddo ao longo de 2023 e 2024, foram marcos importantes de 2024. A diretora Maristela Kessler Kamien, ressaltou que a parceria com as fam\u00edlias continuou sendo um pilar fundamental no trabalho desenvolvido pela EMEI Amiguinhos da Balne\u00e1ria, &#8220;Juntos, escola e fam\u00edlia, conseguimos conquistar vit\u00f3rias incr\u00edveis, acreditando sempre na gest\u00e3o compartilhada e no valor de cada ser humano&#8221;.<\/p>\n\n\n\n<p>Para o pr\u00f3ximo ano, a dire\u00e7\u00e3o busca manter o foco em projetos que promovam a inclus\u00e3o e o desenvolvimento integral das crian\u00e7as. A introdu\u00e7\u00e3o de pequenos animais dom\u00e9sticos, como peixes e coelhos, ser\u00e1 uma novidade para 2025, com o objetivo de ensinar as crian\u00e7as sobre empatia, responsabilidade e respeito pela vida animal.<\/p>\n\n\n\n<p><\/p>\n","protected":false},"excerpt":{"rendered":"<p>A Escola Municipal de Educa\u00e7\u00e3o Infantil Amiguinhos da Balne\u00e1ria, atende 80 alunos em turmas de ber\u00e7\u00e1rio e maternal. Em 2024,<\/p>\n","protected":false},"author":6,"featured_media":12533,"comment_status":"closed","ping_status":"closed","sticky":false,"template":"","format":"standard","meta":{"footnotes":""},"categories":[4,18],"tags":[],"class_list":["post-12531","post","type-post","status-publish","format-standard","has-post-thumbnail","hentry","category-noticias","category-secretaria-municipal-de-educacao-e-cultura"],"aioseo_notices":[],"_links":{"self":[{"href":"https:\/\/prefeitura.santarosa.rs.gov.br\/index.php?rest_route=\/wp\/v2\/posts\/12531","targetHints":{"allow":["GET"]}}],"collection":[{"href":"https:\/\/prefeitura.santarosa.rs.gov.br\/index.php?rest_route=\/wp\/v2\/posts"}],"about":[{"href":"https:\/\/prefeitura.santarosa.rs.gov.br\/index.php?rest_route=\/wp\/v2\/types\/post"}],"author":[{"embeddable":true,"href":"https:\/\/prefeitura.santarosa.rs.gov.br\/index.php?rest_route=\/wp\/v2\/users\/6"}],"replies":[{"embeddable":true,"href":"https:\/\/prefeitura.santarosa.rs.gov.br\/index.php?rest_route=%2Fwp%2Fv2%2Fcomments&post=12531"}],"version-history":[{"count":1,"href":"https:\/\/prefeitura.santarosa.rs.gov.br\/index.php?rest_route=\/wp\/v2\/posts\/12531\/revisions"}],"predecessor-version":[{"id":12534,"href":"https:\/\/prefeitura.santarosa.rs.gov.br\/index.php?rest_route=\/wp\/v2\/posts\/12531\/revisions\/12534"}],"wp:featuredmedia":[{"embeddable":true,"href":"https:\/\/prefeitura.santarosa.rs.gov.br\/index.php?rest_route=\/wp\/v2\/media\/12533"}],"wp:attachment":[{"href":"https:\/\/prefeitura.santarosa.rs.gov.br\/index.php?rest_route=%2Fwp%2Fv2%2Fmedia&parent=12531"}],"wp:term":[{"taxonomy":"category","embeddable":true,"href":"https:\/\/prefeitura.santarosa.rs.gov.br\/index.php?rest_route=%2Fwp%2Fv2%2Fcategories&post=12531"},{"taxonomy":"post_tag","embeddable":true,"href":"https:\/\/prefeitura.santarosa.rs.gov.br\/index.php?rest_route=%2Fwp%2Fv2%2Ftags&post=12531"}],"curies":[{"name":"wp","href":"https:\/\/api.w.org\/{rel}","templated":true}]}}